{"id":4058,"date":"2026-09-02T22:18:39","date_gmt":"2026-09-02T22:18:39","guid":{"rendered":"https:\/\/gocommunicationbol.com\/?p=4058"},"modified":"2026-09-02T22:18:39","modified_gmt":"2026-09-02T22:18:39","slug":"fiscalia-desestima-investigacion-contra-esposa-del-presidente","status":"publish","type":"post","link":"https:\/\/gocommunicationbol.com\/?p=4058","title":{"rendered":"Fiscal\u00eda desestima investigaci\u00f3n contra esposa del Presidente"},"content":{"rendered":"\n<p><em>El Ministerio P\u00fablico rechaz\u00f3 la solicitud para procesar penalmente a la primera dama por presuntos actos de corrupci\u00f3n. La resoluci\u00f3n frena la apertura de indagaciones sobre sus finanzas y presuntas influencias dentro del aparato estatal.<\/em><\/p>\n\n\n\n<p><strong>La Paz, 02 de septiembre de 2026. \u2014<\/strong> La Fiscal\u00eda declar\u00f3 \u00abno a lugar\u00bb a la petici\u00f3n para ampliar una investigaci\u00f3n penal en contra de Mar\u00eda Elena Urquidi, esposa del presidente Rodrigo Paz. La determinaci\u00f3n frena el inicio de un proceso judicial formal hacia la primera dama.<\/p>\n\n\n\n<p>La solicitud jur\u00eddica buscaba procesar a Urquidi por la presunta comisi\u00f3n de los delitos de cohecho, uso indebido de influencias y negociaciones incompatibles. El pliego acusatorio tambi\u00e9n pretend\u00eda investigarla por enriquecimiento il\u00edcito y legitimaci\u00f3n de ganancias il\u00edcitas.<\/p>\n\n\n\n<p>\ud83d\udce2 Go Communication<br>\u00danete al grupo oficial de WhatsApp y Telegram\ud83d\udcf1 a trav\u00e9s de los siguientes enlaces: \ud83d\udd17\ud83d\udc47<br>\u27a1\ufe0f WhatsApp:&nbsp;<a href=\"https:\/\/whatsapp.com\/channel\/0029Va7C0epA2pL4r3PiKa1F\" target=\"_blank\" rel=\"noreferrer noopener\">https:\/\/whatsapp.com\/channel0029Va7C0epA2pL4r3PiKa1F<\/a><br>\u27a1\ufe0f Telegram:&nbsp;<a href=\"https:\/\/t.me\/GoCommunicationBolivia\">https:\/\/t.me\/GoCommunicationBolivia<\/a><\/p>\n\n\n\n<p><a href=\"https:\/\/gocommunicationbol.com\/wp-admin\/post.php?post=4049&amp;action=edit\">Editar<\/a><\/p>\n","protected":false},"excerpt":{"rendered":"<p>El Ministerio P\u00fablico rechaz\u00f3 la solicitud para procesar penalmente a la primera dama por presuntos actos de corrupci\u00f3n.<\/p>\n","protected":false},"author":2,"featured_media":4059,"comment_status":"closed","ping_status":"closed","sticky":false,"template":"","format":"standard","meta":{"_monsterinsights_skip_tracking":false,"footnotes":""},"categories":[6],"tags":[617,102,27,26],"class_list":["post-4058","post","type-post","status-publish","format-standard","has-post-thumbnail","hentry","category-politica","tag-bibi-urquidi","tag-justicia-boliviana","tag-politica-boliviana","tag-rodrigo-paz"],"_links":{"self":[{"href":"https:\/\/gocommunicationbol.com\/index.php?rest_route=\/wp\/v2\/posts\/4058","targetHints":{"allow":["GET"]}}],"collection":[{"href":"https:\/\/gocommunicationbol.com\/index.php?rest_route=\/wp\/v2\/posts"}],"about":[{"href":"https:\/\/gocommunicationbol.com\/index.php?rest_route=\/wp\/v2\/types\/post"}],"author":[{"embeddable":true,"href":"https:\/\/gocommunicationbol.com\/index.php?rest_route=\/wp\/v2\/users\/2"}],"replies":[{"embeddable":true,"href":"https:\/\/gocommunicationbol.com\/index.php?rest_route=%2Fwp%2Fv2%2Fcomments&post=4058"}],"version-history":[{"count":1,"href":"https:\/\/gocommunicationbol.com\/index.php?rest_route=\/wp\/v2\/posts\/4058\/revisions"}],"predecessor-version":[{"id":4060,"href":"https:\/\/gocommunicationbol.com\/index.php?rest_route=\/wp\/v2\/posts\/4058\/revisions\/4060"}],"wp:featuredmedia":[{"embeddable":true,"href":"https:\/\/gocommunicationbol.com\/index.php?rest_route=\/wp\/v2\/media\/4059"}],"wp:attachment":[{"href":"https:\/\/gocommunicationbol.com\/index.php?rest_route=%2Fwp%2Fv2%2Fmedia&parent=4058"}],"wp:term":[{"taxonomy":"category","embeddable":true,"href":"https:\/\/gocommunicationbol.com\/index.php?rest_route=%2Fwp%2Fv2%2Fcategories&post=4058"},{"taxonomy":"post_tag","embeddable":true,"href":"https:\/\/gocommunicationbol.com\/index.php?rest_route=%2Fwp%2Fv2%2Ftags&post=4058"}],"curies":[{"name":"wp","href":"https:\/\/api.w.org\/{rel}","templated":true}]}}