{"id":4046,"date":"2026-08-31T20:37:30","date_gmt":"2026-08-31T20:37:30","guid":{"rendered":"https:\/\/gocommunicationbol.com\/?p=4046"},"modified":"2026-08-31T20:37:32","modified_gmt":"2026-08-31T20:37:32","slug":"sebastian-marset-cede-claves-de-sus-celulares-para-invalidar-pruebas","status":"publish","type":"post","link":"https:\/\/gocommunicationbol.com\/?p=4046","title":{"rendered":"Sebasti\u00e1n Marset cede claves de sus celulares para invalidar pruebas"},"content":{"rendered":"\n<p><em>El presunto narcotraficante uruguayo facilit\u00f3 los c\u00f3digos de acceso de sus equipos electr\u00f3nicos incautados. La defensa jur\u00eddica busca restringir la validez legal de la informaci\u00f3n almacenada mediante recursos de protecci\u00f3n a derechos fundamentales.<\/em><\/p>\n\n\n\n<p><strong>Bolivia, 31 de agosto de 2026. \u2014<\/strong> La defensa legal de Sebasti\u00e1n Marset entreg\u00f3 las contrase\u00f1as de los dispositivos m\u00f3viles decomisados durante las investigaciones en curso. La maniobra procesal pretende impedir que el contenido extra\u00eddo sea utilizado como prueba judicial.<\/p>\n\n\n\n<p>El equipo jur\u00eddico del acusado argument\u00f3 la protecci\u00f3n de derechos fundamentales frente a las instancias encargadas de evaluar el caso. El planteamiento exige limitar el alcance de los datos resguardados en los aparatos.<\/p>\n\n\n\n<p>El Ministerio P\u00fablico analiza las implicaciones de la medida interpuesta por los abogados. En paralelo, la instituci\u00f3n eval\u00faa los protocolos t\u00e9cnicos necesarios para ejecutar la extracci\u00f3n y la pericia forense del material digital.<\/p>\n\n\n\n<p>\ud83d\udce2 Go Communication<br>\u00danete al grupo oficial de WhatsApp y Telegram\ud83d\udcf1 a trav\u00e9s de los siguientes enlaces: \ud83d\udd17\ud83d\udc47<br>\u27a1\ufe0f WhatsApp:\u00a0<a href=\"https:\/\/whatsapp.com\/channel\/0029Va7C0epA2pL4r3PiKa1F\" target=\"_blank\" rel=\"noreferrer noopener\">https:\/\/whatsapp.com\/channel0029Va7C0epA2pL4r3PiKa1F<\/a><br>\u27a1\ufe0f Telegram:\u00a0<a href=\"https:\/\/t.me\/GoCommunicationBolivia\">https:\/\/t.me\/GoCommunicationBolivia<\/a><\/p>\n","protected":false},"excerpt":{"rendered":"<p>La defensa jur\u00eddica busca restringir la validez legal de la informaci\u00f3n almacenada mediante recursos de protecci\u00f3n a derechos fundamentales.<\/p>\n","protected":false},"author":2,"featured_media":4047,"comment_status":"closed","ping_status":"closed","sticky":false,"template":"","format":"standard","meta":{"_monsterinsights_skip_tracking":false,"footnotes":""},"categories":[9,8],"tags":[101,53,77,1512],"class_list":["post-4046","post","type-post","status-publish","format-standard","has-post-thumbnail","hentry","category-internacional","category-seguridad","tag-dea","tag-estados-unidos","tag-lucha-contra-el-narcotrafico","tag-sebastian-marset-2"],"_links":{"self":[{"href":"https:\/\/gocommunicationbol.com\/index.php?rest_route=\/wp\/v2\/posts\/4046","targetHints":{"allow":["GET"]}}],"collection":[{"href":"https:\/\/gocommunicationbol.com\/index.php?rest_route=\/wp\/v2\/posts"}],"about":[{"href":"https:\/\/gocommunicationbol.com\/index.php?rest_route=\/wp\/v2\/types\/post"}],"author":[{"embeddable":true,"href":"https:\/\/gocommunicationbol.com\/index.php?rest_route=\/wp\/v2\/users\/2"}],"replies":[{"embeddable":true,"href":"https:\/\/gocommunicationbol.com\/index.php?rest_route=%2Fwp%2Fv2%2Fcomments&post=4046"}],"version-history":[{"count":1,"href":"https:\/\/gocommunicationbol.com\/index.php?rest_route=\/wp\/v2\/posts\/4046\/revisions"}],"predecessor-version":[{"id":4048,"href":"https:\/\/gocommunicationbol.com\/index.php?rest_route=\/wp\/v2\/posts\/4046\/revisions\/4048"}],"wp:featuredmedia":[{"embeddable":true,"href":"https:\/\/gocommunicationbol.com\/index.php?rest_route=\/wp\/v2\/media\/4047"}],"wp:attachment":[{"href":"https:\/\/gocommunicationbol.com\/index.php?rest_route=%2Fwp%2Fv2%2Fmedia&parent=4046"}],"wp:term":[{"taxonomy":"category","embeddable":true,"href":"https:\/\/gocommunicationbol.com\/index.php?rest_route=%2Fwp%2Fv2%2Fcategories&post=4046"},{"taxonomy":"post_tag","embeddable":true,"href":"https:\/\/gocommunicationbol.com\/index.php?rest_route=%2Fwp%2Fv2%2Ftags&post=4046"}],"curies":[{"name":"wp","href":"https:\/\/api.w.org\/{rel}","templated":true}]}}