{"id":2398,"date":"2026-05-01T13:22:56","date_gmt":"2026-05-01T13:22:56","guid":{"rendered":"https:\/\/gocommunicationbol.com\/?p=2398"},"modified":"2026-05-01T13:22:59","modified_gmt":"2026-05-01T13:22:59","slug":"por-que-el-1-de-mayo-se-celebra-el-dia-del-trabajador","status":"publish","type":"post","link":"https:\/\/gocommunicationbol.com\/?p=2398","title":{"rendered":"\u00bfPor qu\u00e9 el 1 de mayo se celebra el d\u00eda del trabajador?"},"content":{"rendered":"\n<p><em>El 1 de mayo conmemora las protestas obreras de 1886 en Chicago, que impulsaron la jornada de ocho horas y derechos laborales.<\/em><\/p>\n\n\n\n<p><strong>1 de mayo de 2026. &#8211;<\/strong> El D\u00eda Internacional de los Trabajadores, que se celebra cada 1 de mayo, recuerda las protestas obreras de 1886 en Chicago, que impulsaron la jornada laboral de ocho horas y marcaron avances en derechos laborales.<\/p>\n\n\n\n<p>La conmemoraci\u00f3n tiene su origen en huelgas y manifestaciones realizadas en Estados Unidos, donde miles de trabajadores exigieron la reducci\u00f3n de jornadas que alcanzaban hasta 18 horas diarias, en un contexto sin garant\u00edas laborales. Las protestas se extendieron por varios d\u00edas y derivaron en la Revuelta de Haymarket, donde una explosi\u00f3n durante una manifestaci\u00f3n gener\u00f3 enfrentamientos con v\u00edctimas entre civiles y polic\u00edas.<\/p>\n\n\n\n<p>Tras estos hechos, en 1889, la Segunda Internacional declar\u00f3 el 1 de mayo como jornada de homenaje a los trabajadores y a los llamados M\u00e1rtires de Chicago, quienes fueron procesados en un juicio posterior a los disturbios.<\/p>\n\n\n\n<p>Entre los principales dirigentes se encontraban August Spies, Albert Parsons, Adolf Fischer y George Engel, quienes fueron ejecutados, mientras otros implicados recibieron condenas de prisi\u00f3n. Posteriormente, algunos de ellos fueron indultados.<\/p>\n\n\n\n<p>La fecha se consolid\u00f3 a nivel internacional con la adopci\u00f3n de la jornada de ocho horas en distintos pa\u00edses. En 1919, la Organizaci\u00f3n Internacional del Trabajo (OIT) promovi\u00f3 este principio como est\u00e1ndar laboral.<\/p>\n\n\n\n<p>Con el tiempo, el 1 de mayo fue reconocido como feriado en gran parte del mundo, especialmente en Am\u00e9rica Latina y Europa, como s\u00edmbolo de las reivindicaciones laborales y la organizaci\u00f3n sindical.<\/p>\n\n\n\n<p>\ud83d\udce2 Go Communication<br>\u00danete al grupo oficial de WhatsApp y Telegram\ud83d\udcf1 a trav\u00e9s de los siguientes enlaces: \ud83d\udd17\ud83d\udc47<br>\u27a1\ufe0f WhatsApp:\u00a0<a href=\"https:\/\/whatsapp.com\/channel\/0029Va7C0epA2pL4r3PiKa1F\" target=\"_blank\" rel=\"noreferrer noopener\">https:\/\/whatsapp.com\/channel0029Va7C0epA2pL4r3PiKa1F<\/a><br>\u27a1\ufe0f Telegram:\u00a0<a href=\"https:\/\/t.me\/GoCommunicationBolivia\">https:\/\/t.me\/GoCommunicationBolivia<\/a><\/p>\n","protected":false},"excerpt":{"rendered":"<p>El 1 de mayo conmemora las protestas obreras de 1886 en Chicago, que impulsaron la jornada de ocho<\/p>\n","protected":false},"author":3,"featured_media":2399,"comment_status":"closed","ping_status":"closed","sticky":false,"template":"","format":"standard","meta":{"_monsterinsights_skip_tracking":false,"_monsterinsights_sitenote_active":false,"_monsterinsights_sitenote_note":"","_monsterinsights_sitenote_category":0,"footnotes":""},"categories":[7],"tags":[1082,1083,1081],"class_list":["post-2398","post","type-post","status-publish","format-standard","has-post-thumbnail","hentry","category-sociedad","tag-1-de-mayo","tag-celebracion","tag-dia-del-trabajador"],"_links":{"self":[{"href":"https:\/\/gocommunicationbol.com\/index.php?rest_route=\/wp\/v2\/posts\/2398","targetHints":{"allow":["GET"]}}],"collection":[{"href":"https:\/\/gocommunicationbol.com\/index.php?rest_route=\/wp\/v2\/posts"}],"about":[{"href":"https:\/\/gocommunicationbol.com\/index.php?rest_route=\/wp\/v2\/types\/post"}],"author":[{"embeddable":true,"href":"https:\/\/gocommunicationbol.com\/index.php?rest_route=\/wp\/v2\/users\/3"}],"replies":[{"embeddable":true,"href":"https:\/\/gocommunicationbol.com\/index.php?rest_route=%2Fwp%2Fv2%2Fcomments&post=2398"}],"version-history":[{"count":1,"href":"https:\/\/gocommunicationbol.com\/index.php?rest_route=\/wp\/v2\/posts\/2398\/revisions"}],"predecessor-version":[{"id":2400,"href":"https:\/\/gocommunicationbol.com\/index.php?rest_route=\/wp\/v2\/posts\/2398\/revisions\/2400"}],"wp:featuredmedia":[{"embeddable":true,"href":"https:\/\/gocommunicationbol.com\/index.php?rest_route=\/wp\/v2\/media\/2399"}],"wp:attachment":[{"href":"https:\/\/gocommunicationbol.com\/index.php?rest_route=%2Fwp%2Fv2%2Fmedia&parent=2398"}],"wp:term":[{"taxonomy":"category","embeddable":true,"href":"https:\/\/gocommunicationbol.com\/index.php?rest_route=%2Fwp%2Fv2%2Fcategories&post=2398"},{"taxonomy":"post_tag","embeddable":true,"href":"https:\/\/gocommunicationbol.com\/index.php?rest_route=%2Fwp%2Fv2%2Ftags&post=2398"}],"curies":[{"name":"wp","href":"https:\/\/api.w.org\/{rel}","templated":true}]}}