{"id":2386,"date":"2026-04-30T13:59:14","date_gmt":"2026-04-30T13:59:14","guid":{"rendered":"https:\/\/gocommunicationbol.com\/?p=2386"},"modified":"2026-04-30T13:59:15","modified_gmt":"2026-04-30T13:59:15","slug":"accidente-en-el-salar-de-uyuni-deja-al-menos-siete-heridos","status":"publish","type":"post","link":"https:\/\/gocommunicationbol.com\/?p=2386","title":{"rendered":"Accidente en el Salar de Uyuni deja al menos siete heridos"},"content":{"rendered":"\n<p><em>Dos veh\u00edculos colisionaron en el Salar de Uyuni y dejaron al menos siete heridos, incluidos turistas extranjeros.<\/em><\/p>\n\n\n\n<p><strong>Potos\u00ed, 30 de abril de 2026. &#8211;<\/strong> Un choque de dos veh\u00edculos en el Salar de Uyuni dej\u00f3 al menos siete personas heridas, entre ellas ciudadanos extranjeros, inform\u00f3 un reporte preliminar.<\/p>\n\n\n\n<p>El hecho se registr\u00f3 este mi\u00e9rcoles en el sector denominado \u201cLas Banderitas\u201d, dentro del salar, en el departamento de Potos\u00ed. Los veh\u00edculos involucrados, una camioneta blanca y una vagoneta gris, impactaron de forma lateral. Por la fuerza del choque, ambos motorizados volcaron y registraron da\u00f1os materiales de consideraci\u00f3n, seg\u00fan los primeros informes.<\/p>\n\n\n\n<p>Entre los heridos se encuentran los conductores y un grupo de turistas provenientes de Eslovenia y Singapur, quienes presentaron policontusiones. Los afectados fueron trasladados a los hospitales Jos\u00e9 Eduardo P\u00e9rez y a la cl\u00ednica San Pablo, en Uyuni.<\/p>\n\n\n\n<p>El caso fue remitido al Ministerio P\u00fablico, que inici\u00f3 las investigaciones para establecer las responsabilidades de los conductores involucrados.<\/p>\n\n\n\n<p>\ud83d\udce2 Go Communication<br>\u00danete al grupo oficial de WhatsApp y Telegram\ud83d\udcf1 a trav\u00e9s de los siguientes enlaces: \ud83d\udd17\ud83d\udc47<br>\u27a1\ufe0f WhatsApp:\u00a0<a href=\"https:\/\/whatsapp.com\/channel\/0029Va7C0epA2pL4r3PiKa1F\" target=\"_blank\" rel=\"noreferrer noopener\">https:\/\/whatsapp.com\/channel0029Va7C0epA2pL4r3PiKa1F<\/a><br>\u27a1\ufe0f Telegram:\u00a0<a href=\"https:\/\/t.me\/GoCommunicationBolivia\">https:\/\/t.me\/GoCommunicationBolivia<\/a><\/p>\n","protected":false},"excerpt":{"rendered":"<p>Dos veh\u00edculos colisionaron en el Salar de Uyuni y dejaron al menos siete heridos, incluidos turistas extranjeros. Potos\u00ed,<\/p>\n","protected":false},"author":3,"featured_media":2387,"comment_status":"closed","ping_status":"closed","sticky":false,"template":"","format":"standard","meta":{"_monsterinsights_skip_tracking":false,"_monsterinsights_sitenote_active":false,"_monsterinsights_sitenote_note":"","_monsterinsights_sitenote_category":0,"footnotes":""},"categories":[7],"tags":[429,312,987],"class_list":["post-2386","post","type-post","status-publish","format-standard","has-post-thumbnail","hentry","category-sociedad","tag-accidente","tag-potosi","tag-salar-de-uyuni"],"_links":{"self":[{"href":"https:\/\/gocommunicationbol.com\/index.php?rest_route=\/wp\/v2\/posts\/2386","targetHints":{"allow":["GET"]}}],"collection":[{"href":"https:\/\/gocommunicationbol.com\/index.php?rest_route=\/wp\/v2\/posts"}],"about":[{"href":"https:\/\/gocommunicationbol.com\/index.php?rest_route=\/wp\/v2\/types\/post"}],"author":[{"embeddable":true,"href":"https:\/\/gocommunicationbol.com\/index.php?rest_route=\/wp\/v2\/users\/3"}],"replies":[{"embeddable":true,"href":"https:\/\/gocommunicationbol.com\/index.php?rest_route=%2Fwp%2Fv2%2Fcomments&post=2386"}],"version-history":[{"count":1,"href":"https:\/\/gocommunicationbol.com\/index.php?rest_route=\/wp\/v2\/posts\/2386\/revisions"}],"predecessor-version":[{"id":2388,"href":"https:\/\/gocommunicationbol.com\/index.php?rest_route=\/wp\/v2\/posts\/2386\/revisions\/2388"}],"wp:featuredmedia":[{"embeddable":true,"href":"https:\/\/gocommunicationbol.com\/index.php?rest_route=\/wp\/v2\/media\/2387"}],"wp:attachment":[{"href":"https:\/\/gocommunicationbol.com\/index.php?rest_route=%2Fwp%2Fv2%2Fmedia&parent=2386"}],"wp:term":[{"taxonomy":"category","embeddable":true,"href":"https:\/\/gocommunicationbol.com\/index.php?rest_route=%2Fwp%2Fv2%2Fcategories&post=2386"},{"taxonomy":"post_tag","embeddable":true,"href":"https:\/\/gocommunicationbol.com\/index.php?rest_route=%2Fwp%2Fv2%2Ftags&post=2386"}],"curies":[{"name":"wp","href":"https:\/\/api.w.org\/{rel}","templated":true}]}}