{"id":2383,"date":"2026-04-30T13:40:42","date_gmt":"2026-04-30T13:40:42","guid":{"rendered":"https:\/\/gocommunicationbol.com\/?p=2383"},"modified":"2026-04-30T13:40:44","modified_gmt":"2026-04-30T13:40:44","slug":"transportistas-yungas-la-paz-suspenden-salidas-y-marchan-hacia-el-centro-de-la-ciudad","status":"publish","type":"post","link":"https:\/\/gocommunicationbol.com\/?p=2383","title":{"rendered":"Transportistas Yungas-La Paz suspenden salidas y marchan hacia el centro de la ciudad"},"content":{"rendered":"\n<p><em>Transportistas de Yungas iniciaron una marcha en La Paz y suspendieron viajes al norte pace\u00f1o por demandas sobre combustible y carreteras.<\/em><\/p>\n\n\n\n<p><strong>La Paz, 30 de abril de 2026. &#8211;<\/strong> La Federaci\u00f3n de Transporte Yungas-La Paz inici\u00f3 una marcha hacia el centro pace\u00f1o y provoc\u00f3 la suspensi\u00f3n de salidas al norte del departamento, en demanda de soluciones sobre calidad del combustible y estado de carreteras.<\/p>\n\n\n\n<p>La movilizaci\u00f3n parti\u00f3 desde la tranca de Urujara y avanz\u00f3 hacia el centro de la ciudad, donde los dirigentes anunciaron que presentar\u00e1n sus demandas ante autoridades. El ejecutivo del sector, Freddy Avirari, inform\u00f3 que el pliego incluye tres puntos principales: resarcimiento econ\u00f3mico, provisi\u00f3n de combustible de calidad y mejoramiento de v\u00edas. <\/p>\n\n\n\n<p>\u201cNos vamos a dirigir a la Vicepresidencia, ah\u00ed vamos a tomar determinaciones. Nuestros pedidos son tres: el resarcimiento econ\u00f3mico, que nos den combustible de buena calidad y la mejora de carreteras\u201d. El dirigente advirti\u00f3 que, en caso de no recibir respuesta, el sector asumir\u00e1 nuevas medidas de presi\u00f3n. \u201cTenemos tres pedidos puntuales; si no nos escuchan, vamos a ir a un bloqueo\u201d.<\/p>\n\n\n\n<p>La federaci\u00f3n convoc\u00f3 a sus afiliados de la regi\u00f3n de Los Yungas para sumarse a la movilizaci\u00f3n y anunci\u00f3 que evaluar\u00e1 la posibilidad de acatar un paro escalonado definido por la Confederaci\u00f3n Sindical de Choferes de Bolivia.<\/p>\n\n\n\n<p>Debido a la protesta, la Terminal de Minasa suspendi\u00f3 las salidas de minibuses al norte pace\u00f1o, mientras las empresas cerraron sus casetas de venta de pasajes.<\/p>\n\n\n\n<p>El sector tambi\u00e9n confirm\u00f3 que no participar\u00e1 en el cabildo convocado por la Central Obrera Boliviana (COB) y se\u00f1al\u00f3 que las medidas futuras depender\u00e1n de los resultados de la jornada.<\/p>\n\n\n\n<p>\ud83d\udce2 Go Communication<br>\u00danete al grupo oficial de WhatsApp y Telegram\ud83d\udcf1 a trav\u00e9s de los siguientes enlaces: \ud83d\udd17\ud83d\udc47<br>\u27a1\ufe0f WhatsApp:\u00a0<a href=\"https:\/\/whatsapp.com\/channel\/0029Va7C0epA2pL4r3PiKa1F\" target=\"_blank\" rel=\"noreferrer noopener\">https:\/\/whatsapp.com\/channel0029Va7C0epA2pL4r3PiKa1F<\/a><br>\u27a1\ufe0f Telegram:\u00a0<a href=\"https:\/\/t.me\/GoCommunicationBolivia\">https:\/\/t.me\/GoCommunicationBolivia<\/a><\/p>\n","protected":false},"excerpt":{"rendered":"<p>Transportistas de Yungas iniciaron una marcha en La Paz y suspendieron viajes al norte pace\u00f1o por demandas sobre<\/p>\n","protected":false},"author":3,"featured_media":2384,"comment_status":"closed","ping_status":"closed","sticky":false,"template":"","format":"standard","meta":{"_monsterinsights_skip_tracking":false,"_monsterinsights_sitenote_active":false,"_monsterinsights_sitenote_note":"","_monsterinsights_sitenote_category":0,"footnotes":""},"categories":[6],"tags":[104,819,1003,1075,606],"class_list":["post-2383","post","type-post","status-publish","format-standard","has-post-thumbnail","hentry","category-politica","tag-la-paz","tag-los-yungas","tag-marcha","tag-terminal-minasa","tag-transporte"],"_links":{"self":[{"href":"https:\/\/gocommunicationbol.com\/index.php?rest_route=\/wp\/v2\/posts\/2383","targetHints":{"allow":["GET"]}}],"collection":[{"href":"https:\/\/gocommunicationbol.com\/index.php?rest_route=\/wp\/v2\/posts"}],"about":[{"href":"https:\/\/gocommunicationbol.com\/index.php?rest_route=\/wp\/v2\/types\/post"}],"author":[{"embeddable":true,"href":"https:\/\/gocommunicationbol.com\/index.php?rest_route=\/wp\/v2\/users\/3"}],"replies":[{"embeddable":true,"href":"https:\/\/gocommunicationbol.com\/index.php?rest_route=%2Fwp%2Fv2%2Fcomments&post=2383"}],"version-history":[{"count":1,"href":"https:\/\/gocommunicationbol.com\/index.php?rest_route=\/wp\/v2\/posts\/2383\/revisions"}],"predecessor-version":[{"id":2385,"href":"https:\/\/gocommunicationbol.com\/index.php?rest_route=\/wp\/v2\/posts\/2383\/revisions\/2385"}],"wp:featuredmedia":[{"embeddable":true,"href":"https:\/\/gocommunicationbol.com\/index.php?rest_route=\/wp\/v2\/media\/2384"}],"wp:attachment":[{"href":"https:\/\/gocommunicationbol.com\/index.php?rest_route=%2Fwp%2Fv2%2Fmedia&parent=2383"}],"wp:term":[{"taxonomy":"category","embeddable":true,"href":"https:\/\/gocommunicationbol.com\/index.php?rest_route=%2Fwp%2Fv2%2Fcategories&post=2383"},{"taxonomy":"post_tag","embeddable":true,"href":"https:\/\/gocommunicationbol.com\/index.php?rest_route=%2Fwp%2Fv2%2Ftags&post=2383"}],"curies":[{"name":"wp","href":"https:\/\/api.w.org\/{rel}","templated":true}]}}