{"id":2377,"date":"2026-04-30T12:35:04","date_gmt":"2026-04-30T12:35:04","guid":{"rendered":"https:\/\/gocommunicationbol.com\/?p=2377"},"modified":"2026-04-30T12:35:07","modified_gmt":"2026-04-30T12:35:07","slug":"magisterio-llega-a-la-paz-y-anuncia-radicalizacion-de-protestas","status":"publish","type":"post","link":"https:\/\/gocommunicationbol.com\/?p=2377","title":{"rendered":"Magisterio llega a La Paz y anuncia radicalizaci\u00f3n de protestas"},"content":{"rendered":"\n<p><em>El magisterio arriba a La Paz y anuncia la radicalizaci\u00f3n de protestas para exigir incremento salarial y mayor presupuesto educativo.<\/em><\/p>\n\n\n\n<p><strong>La Paz, 30 de abril de 2026. &#8211;<\/strong> El magisterio boliviano lleg\u00f3 a la ciudad de La Paz y anunci\u00f3 la radicalizaci\u00f3n de protestas para exigir incremento salarial, mayor presupuesto y respeto al escalaf\u00f3n docente.<\/p>\n\n\n\n<p>La secretaria ejecutiva de la Federaci\u00f3n del Magisterio Urbano de El Alto, Mariela Espejo, inform\u00f3 que el sector reforzar\u00e1 la movilizaci\u00f3n en la sede de Gobierno, en respaldo a la marcha nacional que parti\u00f3 desde Calamarca hace dos d\u00edas. \u201cApenas es el inicio, los maestros vamos a defender a muerte la educaci\u00f3n fiscal\u201d.<\/p>\n\n\n\n<p>La dirigente se\u00f1al\u00f3 que la protesta tambi\u00e9n busca resguardar el sistema educativo ante posibles cambios en la normativa vigente. \u201cSi el Gobierno pretende modificar el escalaf\u00f3n a t\u00edtulo de modernizaci\u00f3n, tendr\u00e1 que enfrentar la movilizaci\u00f3n del sector\u201d. Asimismo, Espejo confirm\u00f3 la participaci\u00f3n del magisterio en el cabildo convocado por la Central Obrera Boliviana (COB), donde plantear\u00e1n la posibilidad de una huelga general indefinida si no existen respuestas a sus demandas.<\/p>\n\n\n\n<p>La marcha avanz\u00f3 hacia La Paz tras partir de Calamarca y pernoctar en Vilaque, en medio de bajas temperaturas, y se prev\u00e9 que arriben al centro de la ciudad a lo largo del d\u00eda. Los dirigentes reiteraron que no asistir\u00e1n a espacios de di\u00e1logo que no incluyan la revisi\u00f3n del salario.<\/p>\n\n\n\n<p>Desde el Gobierno, el ministro de Econom\u00eda, Jos\u00e9 Gabriel Espinoza, descart\u00f3 un incremento salarial y cuestion\u00f3 la sostenibilidad de la medida. \u201c\u00bfA qui\u00e9n le quito? \u00bfA salud? \u00bfSubo impuestos?\u201d. Por su parte, el Ministerio de Educaci\u00f3n indic\u00f3 que asumir un aumento sin respaldo financiero implicar\u00eda riesgos para la estabilidad econ\u00f3mica, en el actual contexto.<\/p>\n\n\n\n<p>\ud83d\udce2 Go Communication<br>\u00danete al grupo oficial de WhatsApp y Telegram\ud83d\udcf1 a trav\u00e9s de los siguientes enlaces: \ud83d\udd17\ud83d\udc47<br>\u27a1\ufe0f WhatsApp:\u00a0<a href=\"https:\/\/whatsapp.com\/channel\/0029Va7C0epA2pL4r3PiKa1F\" target=\"_blank\" rel=\"noreferrer noopener\">https:\/\/whatsapp.com\/channel0029Va7C0epA2pL4r3PiKa1F<\/a><br>\u27a1\ufe0f Telegram:\u00a0<a href=\"https:\/\/t.me\/GoCommunicationBolivia\">https:\/\/t.me\/GoCommunicationBolivia<\/a><\/p>\n","protected":false},"excerpt":{"rendered":"<p>El magisterio arriba a La Paz y anuncia la radicalizaci\u00f3n de protestas para exigir incremento salarial y mayor<\/p>\n","protected":false},"author":3,"featured_media":2378,"comment_status":"closed","ping_status":"closed","sticky":false,"template":"","format":"standard","meta":{"_monsterinsights_skip_tracking":false,"_monsterinsights_sitenote_active":false,"_monsterinsights_sitenote_note":"","_monsterinsights_sitenote_category":0,"footnotes":""},"categories":[6],"tags":[104,1071,1073,1003],"class_list":["post-2377","post","type-post","status-publish","format-standard","has-post-thumbnail","hentry","category-politica","tag-la-paz","tag-maestros","tag-magisterio","tag-marcha"],"_links":{"self":[{"href":"https:\/\/gocommunicationbol.com\/index.php?rest_route=\/wp\/v2\/posts\/2377","targetHints":{"allow":["GET"]}}],"collection":[{"href":"https:\/\/gocommunicationbol.com\/index.php?rest_route=\/wp\/v2\/posts"}],"about":[{"href":"https:\/\/gocommunicationbol.com\/index.php?rest_route=\/wp\/v2\/types\/post"}],"author":[{"embeddable":true,"href":"https:\/\/gocommunicationbol.com\/index.php?rest_route=\/wp\/v2\/users\/3"}],"replies":[{"embeddable":true,"href":"https:\/\/gocommunicationbol.com\/index.php?rest_route=%2Fwp%2Fv2%2Fcomments&post=2377"}],"version-history":[{"count":1,"href":"https:\/\/gocommunicationbol.com\/index.php?rest_route=\/wp\/v2\/posts\/2377\/revisions"}],"predecessor-version":[{"id":2379,"href":"https:\/\/gocommunicationbol.com\/index.php?rest_route=\/wp\/v2\/posts\/2377\/revisions\/2379"}],"wp:featuredmedia":[{"embeddable":true,"href":"https:\/\/gocommunicationbol.com\/index.php?rest_route=\/wp\/v2\/media\/2378"}],"wp:attachment":[{"href":"https:\/\/gocommunicationbol.com\/index.php?rest_route=%2Fwp%2Fv2%2Fmedia&parent=2377"}],"wp:term":[{"taxonomy":"category","embeddable":true,"href":"https:\/\/gocommunicationbol.com\/index.php?rest_route=%2Fwp%2Fv2%2Fcategories&post=2377"},{"taxonomy":"post_tag","embeddable":true,"href":"https:\/\/gocommunicationbol.com\/index.php?rest_route=%2Fwp%2Fv2%2Ftags&post=2377"}],"curies":[{"name":"wp","href":"https:\/\/api.w.org\/{rel}","templated":true}]}}