{"id":2367,"date":"2026-04-29T15:21:50","date_gmt":"2026-04-29T15:21:50","guid":{"rendered":"https:\/\/gocommunicationbol.com\/?p=2367"},"modified":"2026-04-29T15:21:53","modified_gmt":"2026-04-29T15:21:53","slug":"maestros-rechazan-dialogo-y-retoman-marcha-exigiendo-incremento-salarial","status":"publish","type":"post","link":"https:\/\/gocommunicationbol.com\/?p=2367","title":{"rendered":"Maestros rechazan di\u00e1logo y retoman marcha exigiendo incremento salarial"},"content":{"rendered":"\n<p><em>El magisterio reanud\u00f3 su marcha hacia La Paz en su segundo d\u00eda, tras rechazar el di\u00e1logo y mantener su demanda de incremento salarial.<\/em><\/p>\n\n\n\n<p><strong>La Paz, 29 de abril de 2026. &#8211;<\/strong> El magisterio boliviano retom\u00f3 la marcha hacia La Paz en su segundo d\u00eda de movilizaci\u00f3n para exigir un incremento salarial, luego de rechazar la convocatoria al di\u00e1logo planteada por el Gobierno.<\/p>\n\n\n\n<p>Los maestros iniciaron su recorrido el martes desde el municipio de Calamarca y llegaron por la noche a la localidad de Vilaque, en la carretera que conecta La Paz con Oruro. Para esta jornada, el sector prev\u00e9 avanzar m\u00e1s de 20 kil\u00f3metros, en funci\u00f3n de las condiciones clim\u00e1ticas. \u201cPor las condiciones clim\u00e1ticas nos estamos agripando, pero hoy nos vamos a trasladar una mayor distancia, con la convicci\u00f3n firme de que los maestros vamos a lograr nuestros objetivos\u201d, declar\u00f3 un dirigente del sector.<\/p>\n\n\n\n<p>La movilizaci\u00f3n sum\u00f3 la incorporaci\u00f3n de representantes de distintas regiones del pa\u00eds, mientras la dirigencia ratific\u00f3 su decisi\u00f3n de no participar en el di\u00e1logo convocado por el Ejecutivo.<\/p>\n\n\n\n<p>Desde el Gobierno, el ministro de Econom\u00eda, Jos\u00e9 Gabriel Espinoza, cuestion\u00f3 la viabilidad de un aumento salarial sin respaldo financiero. \u201cSi quieren incremento salarial, la pregunta es \u00bfde d\u00f3nde saldr\u00e1n los recursos? (\u2026) \u00bfLe quito a salud y educaci\u00f3n? \u00bfSubo impuestos?\u201d. Por su parte, el Ministerio de Educaci\u00f3n se\u00f1al\u00f3 que en el actual contexto econ\u00f3mico no es posible asumir nuevos compromisos sin financiamiento. La entidad indic\u00f3 que una medida de este tipo implicar\u00eda riesgos para la estabilidad econ\u00f3mica, aunque destac\u00f3 incrementos en el presupuesto destinado a nuevos \u00edtems y ajustes en bonos del sector.<\/p>\n\n\n\n<p>En respuesta, la dirigencia del magisterio afirm\u00f3 que las condiciones laborales no registraron mejoras. \u201cTodos los productos han subido, pero el sueldo de los maestros no (\u2026) a los maestros no se les ha aumentado ni un boliviano\u201d, sostuvo el representante.<\/p>\n\n\n\n<p>\ud83d\udce2 Go Communication<br>\u00danete al grupo oficial de WhatsApp y Telegram\ud83d\udcf1 a trav\u00e9s de los siguientes enlaces: \ud83d\udd17\ud83d\udc47<br>\u27a1\ufe0f WhatsApp:\u00a0<a href=\"https:\/\/whatsapp.com\/channel\/0029Va7C0epA2pL4r3PiKa1F\" target=\"_blank\" rel=\"noreferrer noopener\">https:\/\/whatsapp.com\/channel0029Va7C0epA2pL4r3PiKa1F<\/a><br>\u27a1\ufe0f Telegram:\u00a0<a href=\"https:\/\/t.me\/GoCommunicationBolivia\">https:\/\/t.me\/GoCommunicationBolivia<\/a><\/p>\n","protected":false},"excerpt":{"rendered":"<p>El magisterio reanud\u00f3 su marcha hacia La Paz en su segundo d\u00eda, tras rechazar el di\u00e1logo y mantener<\/p>\n","protected":false},"author":3,"featured_media":2368,"comment_status":"closed","ping_status":"closed","sticky":false,"template":"","format":"standard","meta":{"_monsterinsights_skip_tracking":false,"_monsterinsights_sitenote_active":false,"_monsterinsights_sitenote_note":"","_monsterinsights_sitenote_category":0,"footnotes":""},"categories":[6],"tags":[879,1071,1003],"class_list":["post-2367","post","type-post","status-publish","format-standard","has-post-thumbnail","hentry","category-politica","tag-incremento-salarial","tag-maestros","tag-marcha"],"_links":{"self":[{"href":"https:\/\/gocommunicationbol.com\/index.php?rest_route=\/wp\/v2\/posts\/2367","targetHints":{"allow":["GET"]}}],"collection":[{"href":"https:\/\/gocommunicationbol.com\/index.php?rest_route=\/wp\/v2\/posts"}],"about":[{"href":"https:\/\/gocommunicationbol.com\/index.php?rest_route=\/wp\/v2\/types\/post"}],"author":[{"embeddable":true,"href":"https:\/\/gocommunicationbol.com\/index.php?rest_route=\/wp\/v2\/users\/3"}],"replies":[{"embeddable":true,"href":"https:\/\/gocommunicationbol.com\/index.php?rest_route=%2Fwp%2Fv2%2Fcomments&post=2367"}],"version-history":[{"count":1,"href":"https:\/\/gocommunicationbol.com\/index.php?rest_route=\/wp\/v2\/posts\/2367\/revisions"}],"predecessor-version":[{"id":2369,"href":"https:\/\/gocommunicationbol.com\/index.php?rest_route=\/wp\/v2\/posts\/2367\/revisions\/2369"}],"wp:featuredmedia":[{"embeddable":true,"href":"https:\/\/gocommunicationbol.com\/index.php?rest_route=\/wp\/v2\/media\/2368"}],"wp:attachment":[{"href":"https:\/\/gocommunicationbol.com\/index.php?rest_route=%2Fwp%2Fv2%2Fmedia&parent=2367"}],"wp:term":[{"taxonomy":"category","embeddable":true,"href":"https:\/\/gocommunicationbol.com\/index.php?rest_route=%2Fwp%2Fv2%2Fcategories&post=2367"},{"taxonomy":"post_tag","embeddable":true,"href":"https:\/\/gocommunicationbol.com\/index.php?rest_route=%2Fwp%2Fv2%2Ftags&post=2367"}],"curies":[{"name":"wp","href":"https:\/\/api.w.org\/{rel}","templated":true}]}}