{"id":2361,"date":"2026-04-29T14:26:50","date_gmt":"2026-04-29T14:26:50","guid":{"rendered":"https:\/\/gocommunicationbol.com\/?p=2361"},"modified":"2026-04-29T14:26:53","modified_gmt":"2026-04-29T14:26:53","slug":"dockweiler-dice-que-no-asistio-a-la-entrega-de-credenciales-porque-se-encontraba-en-mexico","status":"publish","type":"post","link":"https:\/\/gocommunicationbol.com\/?p=2361","title":{"rendered":"Dockweiler dice que no asisti\u00f3 a la entrega de credenciales porque se encontraba en M\u00e9xico"},"content":{"rendered":"\n<p><em>El alcalde electo C\u00e9sar Dockweiler no asisti\u00f3 a la entrega de credenciales tras viajar a M\u00e9xico para revisar proyectos de cooperaci\u00f3n para La Paz.<\/em><\/p>\n\n\n\n<p><strong>La Paz, 29 de abril de 2026. &#8211;<\/strong> El alcalde electo de La Paz, C\u00e9sar Dockweiler, no asisti\u00f3 a la entrega de credenciales realizada por el organismo electoral debido a un viaje a M\u00e9xico, donde revis\u00f3 proyectos que busca implementar en el municipio.<\/p>\n\n\n\n<p>El equipo de comunicaci\u00f3n de la autoridad inform\u00f3 que el viaje fue programado con anticipaci\u00f3n y coincidi\u00f3 con la fecha del acto oficial. Dockweiler explic\u00f3 que su presencia en M\u00e9xico respondi\u00f3 a gestiones coordinadas con cooperaci\u00f3n internacional. \u201cA trav\u00e9s de la cooperaci\u00f3n sueca, a trav\u00e9s de la Embajada de Suecia, se hab\u00eda coordinado que mi persona est\u00e9 presente en M\u00e9xico para poder presenciar algunos de los proyectos que queremos traer a la ciudad de La Paz\u201d.<\/p>\n\n\n\n<p>La autoridad se\u00f1al\u00f3 que consult\u00f3 al organismo electoral sobre su ausencia y recibi\u00f3 la confirmaci\u00f3n de que no era obligatorio asistir para la validaci\u00f3n de su credencial. \u201cM\u00e1s importante para nosotros es estar haciendo gesti\u00f3n que estar asistiendo a temas protocolares\u201d. En el mismo acto, el gobernador electo de La Paz, Luis Revilla, recibi\u00f3 su credencial junto a otras autoridades electas en los comicios subnacionales.<\/p>\n\n\n\n<p>Por otro lado, el alcalde electo de El Alto, Eliser Roca, recogi\u00f3 su credencial y afirm\u00f3 que asumir\u00e1 funciones en un contexto complejo en el municipio. \u201cPr\u00e1cticamente le han dejado en una situaci\u00f3n de coma (\u2026) aqu\u00ed estamos para devolverle la dignidad\u201d. Roca a\u00f1adi\u00f3 que recibi\u00f3 la acreditaci\u00f3n con la responsabilidad de encarar la gesti\u00f3n municipal. \u201cEs una gran carga de responsabilidad que asumimos\u201d.<\/p>\n\n\n\n<p>Las nuevas autoridades subnacionales ser\u00e1n posesionadas el 4 de mayo, fecha en la que iniciar\u00e1 el nuevo periodo de gesti\u00f3n hasta 2031.<\/p>\n\n\n\n<p>\ud83d\udce2 Go Communication<br>\u00danete al grupo oficial de WhatsApp y Telegram\ud83d\udcf1 a trav\u00e9s de los siguientes enlaces: \ud83d\udd17\ud83d\udc47<br>\u27a1\ufe0f WhatsApp:\u00a0<a href=\"https:\/\/whatsapp.com\/channel\/0029Va7C0epA2pL4r3PiKa1F\" target=\"_blank\" rel=\"noreferrer noopener\">https:\/\/whatsapp.com\/channel0029Va7C0epA2pL4r3PiKa1F<\/a><br>\u27a1\ufe0f Telegram:\u00a0<a href=\"https:\/\/t.me\/GoCommunicationBolivia\">https:\/\/t.me\/GoCommunicationBolivia<\/a><\/p>\n","protected":false},"excerpt":{"rendered":"<p>El alcalde electo C\u00e9sar Dockweiler no asisti\u00f3 a la entrega de credenciales tras viajar a M\u00e9xico para revisar<\/p>\n","protected":false},"author":3,"featured_media":2362,"comment_status":"closed","ping_status":"closed","sticky":false,"template":"","format":"standard","meta":{"_monsterinsights_skip_tracking":false,"_monsterinsights_sitenote_active":false,"_monsterinsights_sitenote_note":"","_monsterinsights_sitenote_category":0,"footnotes":""},"categories":[6],"tags":[536,786,1069,104],"class_list":["post-2361","post","type-post","status-publish","format-standard","has-post-thumbnail","hentry","category-politica","tag-alcaldia","tag-cesar-dockweiler-2","tag-credenciales","tag-la-paz"],"_links":{"self":[{"href":"https:\/\/gocommunicationbol.com\/index.php?rest_route=\/wp\/v2\/posts\/2361","targetHints":{"allow":["GET"]}}],"collection":[{"href":"https:\/\/gocommunicationbol.com\/index.php?rest_route=\/wp\/v2\/posts"}],"about":[{"href":"https:\/\/gocommunicationbol.com\/index.php?rest_route=\/wp\/v2\/types\/post"}],"author":[{"embeddable":true,"href":"https:\/\/gocommunicationbol.com\/index.php?rest_route=\/wp\/v2\/users\/3"}],"replies":[{"embeddable":true,"href":"https:\/\/gocommunicationbol.com\/index.php?rest_route=%2Fwp%2Fv2%2Fcomments&post=2361"}],"version-history":[{"count":1,"href":"https:\/\/gocommunicationbol.com\/index.php?rest_route=\/wp\/v2\/posts\/2361\/revisions"}],"predecessor-version":[{"id":2363,"href":"https:\/\/gocommunicationbol.com\/index.php?rest_route=\/wp\/v2\/posts\/2361\/revisions\/2363"}],"wp:featuredmedia":[{"embeddable":true,"href":"https:\/\/gocommunicationbol.com\/index.php?rest_route=\/wp\/v2\/media\/2362"}],"wp:attachment":[{"href":"https:\/\/gocommunicationbol.com\/index.php?rest_route=%2Fwp%2Fv2%2Fmedia&parent=2361"}],"wp:term":[{"taxonomy":"category","embeddable":true,"href":"https:\/\/gocommunicationbol.com\/index.php?rest_route=%2Fwp%2Fv2%2Fcategories&post=2361"},{"taxonomy":"post_tag","embeddable":true,"href":"https:\/\/gocommunicationbol.com\/index.php?rest_route=%2Fwp%2Fv2%2Ftags&post=2361"}],"curies":[{"name":"wp","href":"https:\/\/api.w.org\/{rel}","templated":true}]}}