{"id":2352,"date":"2026-04-29T12:50:21","date_gmt":"2026-04-29T12:50:21","guid":{"rendered":"https:\/\/gocommunicationbol.com\/?p=2352"},"modified":"2026-04-29T12:50:22","modified_gmt":"2026-04-29T12:50:22","slug":"la-cob-ratifica-cabildo-mientras-que-el-gobierno-convoca-al-dialogo","status":"publish","type":"post","link":"https:\/\/gocommunicationbol.com\/?p=2352","title":{"rendered":"La COB ratifica cabildo mientras que el gobierno convoca al di\u00e1logo"},"content":{"rendered":"\n<p><em>El Gobierno convoc\u00f3 a la COB a un di\u00e1logo tripartito por el incremento salarial, mientras la dirigencia confirm\u00f3 un cabildo y rechaz\u00f3 asistir a la reuni\u00f3n.<\/em><\/p>\n\n\n\n<p><strong>La Paz, 29 de abril de 2026. &#8211;<\/strong> El Gobierno convoc\u00f3 a la Central Obrera Boliviana (COB) a un di\u00e1logo tripartito para este mi\u00e9rcoles a las 14:00, con el objetivo de analizar el incremento salarial, mientras la dirigencia sindical ratific\u00f3 la realizaci\u00f3n de un cabildo el 1 de mayo y descart\u00f3 participar en la reuni\u00f3n.<\/p>\n\n\n\n<p>El ministro de Trabajo, Edgar Morales, inform\u00f3 que el encuentro incluir\u00e1 a representantes del sector empresarial y a autoridades de los ministerios de Gobierno y Econom\u00eda. La autoridad explic\u00f3 que la reuni\u00f3n evaluar\u00e1 la capacidad del sector privado para asumir un ajuste salarial. Asimismo, rechaz\u00f3 los pedidos de destituci\u00f3n en su contra y afirm\u00f3 que la COB \u201cya es un partido pol\u00edtico\u201d.<\/p>\n\n\n\n<p>Por su parte, el secretario ejecutivo de la COB, Mario Argollo, inform\u00f3 que el ampliado de la organizaci\u00f3n concluy\u00f3 que m\u00e1s del 80% del pliego petitorio recibi\u00f3 respuesta negativa, mientras el resto no fue atendido. \u201cCon mucho lamento y pesar, tenemos que informarles que m\u00e1s del 80% ha sido respondido negativamente, el otro 20% ha sido evadido o pr\u00e1cticamente no ha sido respondido\u201d.<\/p>\n\n\n\n<p>En ese contexto, la dirigencia sindical confirm\u00f3 el cabildo nacional del 1 de mayo, donde anunci\u00f3 la emisi\u00f3n de un \u201cultim\u00e1tum\u201d al Ejecutivo. Argollo cuestion\u00f3 la gesti\u00f3n gubernamental y se\u00f1al\u00f3 que, si no existen soluciones a la situaci\u00f3n econ\u00f3mica, las autoridades deben dejar sus cargos. \u201cSi no tienen capacidad para resolver la crisis econ\u00f3mica y sacar adelante al pa\u00eds, que d\u00e9 un paso al costado y deje gobernar a los que pueden\u201d. La COB tambi\u00e9n declar\u00f3 al ministro de Econom\u00eda, Jos\u00e9 Gabriel Espinoza, como \u201cpersona no grata\u201d.<\/p>\n\n\n\n<p>En horas previas, Espinoza descart\u00f3 aprobar un nuevo incremento al salario m\u00ednimo nacional antes de este viernes y argument\u00f3 que en enero se aplic\u00f3 un aumento del 20%, que elev\u00f3 el haber b\u00e1sico a Bs 3.300. Adem\u00e1s, propuso instalar mesas t\u00e9cnicas y una agenda de trabajo a partir del 4 de mayo para abordar las demandas laborales. \u201c\u00bfDe d\u00f3nde saco la plata para responder a un incremento salarial del 20%? (\u2026) \u00bfQu\u00e9 pasa con ese 93% de trabajadores que no tienen seguridad social?\u201d, cuestion\u00f3 la autoridad al referirse a la sostenibilidad fiscal de nuevas medidas.<\/p>\n\n\n\n<p>Finalmente, Argollo descart\u00f3 la participaci\u00f3n de la COB en el encuentro convocado por el Ejecutivo y afirm\u00f3 que la invitaci\u00f3n se realiz\u00f3 fuera de tiempo. \u201cLa invitaci\u00f3n es a destiempo\u201d.<\/p>\n\n\n\n<p>\ud83d\udce2 Go Communication<br>\u00danete al grupo oficial de WhatsApp y Telegram\ud83d\udcf1 a trav\u00e9s de los siguientes enlaces: \ud83d\udd17\ud83d\udc47<br>\u27a1\ufe0f WhatsApp:\u00a0<a href=\"https:\/\/whatsapp.com\/channel\/0029Va7C0epA2pL4r3PiKa1F\" target=\"_blank\" rel=\"noreferrer noopener\">https:\/\/whatsapp.com\/channel0029Va7C0epA2pL4r3PiKa1F<\/a><br>\u27a1\ufe0f Telegram:\u00a0<a href=\"https:\/\/t.me\/GoCommunicationBolivia\">https:\/\/t.me\/GoCommunicationBolivia<\/a><\/p>\n","protected":false},"excerpt":{"rendered":"<p>El Gobierno convoc\u00f3 a la COB a un di\u00e1logo tripartito por el incremento salarial, mientras la dirigencia confirm\u00f3<\/p>\n","protected":false},"author":3,"featured_media":2353,"comment_status":"closed","ping_status":"closed","sticky":false,"template":"","format":"standard","meta":{"_monsterinsights_skip_tracking":false,"_monsterinsights_sitenote_active":false,"_monsterinsights_sitenote_note":"","_monsterinsights_sitenote_category":0,"footnotes":""},"categories":[6],"tags":[1066,298,297,998,879],"class_list":["post-2352","post","type-post","status-publish","format-standard","has-post-thumbnail","hentry","category-politica","tag-cabildo","tag-central-obrera-boliviana","tag-cob","tag-dialogo","tag-incremento-salarial"],"_links":{"self":[{"href":"https:\/\/gocommunicationbol.com\/index.php?rest_route=\/wp\/v2\/posts\/2352","targetHints":{"allow":["GET"]}}],"collection":[{"href":"https:\/\/gocommunicationbol.com\/index.php?rest_route=\/wp\/v2\/posts"}],"about":[{"href":"https:\/\/gocommunicationbol.com\/index.php?rest_route=\/wp\/v2\/types\/post"}],"author":[{"embeddable":true,"href":"https:\/\/gocommunicationbol.com\/index.php?rest_route=\/wp\/v2\/users\/3"}],"replies":[{"embeddable":true,"href":"https:\/\/gocommunicationbol.com\/index.php?rest_route=%2Fwp%2Fv2%2Fcomments&post=2352"}],"version-history":[{"count":1,"href":"https:\/\/gocommunicationbol.com\/index.php?rest_route=\/wp\/v2\/posts\/2352\/revisions"}],"predecessor-version":[{"id":2354,"href":"https:\/\/gocommunicationbol.com\/index.php?rest_route=\/wp\/v2\/posts\/2352\/revisions\/2354"}],"wp:featuredmedia":[{"embeddable":true,"href":"https:\/\/gocommunicationbol.com\/index.php?rest_route=\/wp\/v2\/media\/2353"}],"wp:attachment":[{"href":"https:\/\/gocommunicationbol.com\/index.php?rest_route=%2Fwp%2Fv2%2Fmedia&parent=2352"}],"wp:term":[{"taxonomy":"category","embeddable":true,"href":"https:\/\/gocommunicationbol.com\/index.php?rest_route=%2Fwp%2Fv2%2Fcategories&post=2352"},{"taxonomy":"post_tag","embeddable":true,"href":"https:\/\/gocommunicationbol.com\/index.php?rest_route=%2Fwp%2Fv2%2Ftags&post=2352"}],"curies":[{"name":"wp","href":"https:\/\/api.w.org\/{rel}","templated":true}]}}