{"id":2346,"date":"2026-04-28T16:02:36","date_gmt":"2026-04-28T16:02:36","guid":{"rendered":"https:\/\/gocommunicationbol.com\/?p=2346"},"modified":"2026-04-28T16:02:40","modified_gmt":"2026-04-28T16:02:40","slug":"revilla-busca-dialogo-con-asambleistas-y-organizaciones-sociales","status":"publish","type":"post","link":"https:\/\/gocommunicationbol.com\/?p=2346","title":{"rendered":"Revilla busca d\u00edalogo con asamble\u00edstas y organizaciones sociales"},"content":{"rendered":"\n<p><em>Luis Revilla anunci\u00f3 di\u00e1logos con asamble\u00edstas y organizaciones sociales para formar una alianza que garantice la gobernabilidad en la Gobernaci\u00f3n de La Paz.<\/em><\/p>\n\n\n\n<p><strong>La Paz, 28 de abril de 2026. &#8211;<\/strong> El gobernador electo de La Paz, Luis Revilla, anunci\u00f3 que impulsa una alianza con asamble\u00edstas y organizaciones sociales para garantizar la gobernabilidad en su gesti\u00f3n, tras recibir su credencial.<\/p>\n\n\n\n<p>La autoridad inform\u00f3 que inici\u00f3 di\u00e1logos con representantes de distintas fuerzas pol\u00edticas y sectores sociales con el objetivo de articular acuerdos institucionales. \u201cEstamos dialogando, ya lo hemos iniciado hace semanas con los asamble\u00edstas electos de distintas fuerzas pol\u00edticas, pero tambi\u00e9n con las organizaciones sociales del departamento, con quienes necesitamos articular una gran alianza para el progreso y el desarrollo de La Paz\u201d.<\/p>\n\n\n\n<p>Revilla se\u00f1al\u00f3 que el proceso de transici\u00f3n concluir\u00e1 este fin de semana y prev\u00e9 iniciar funciones en los pr\u00f3ximos d\u00edas al frente de la Gobernaci\u00f3n.<\/p>\n\n\n\n<p>En ese marco, asegur\u00f3 que la transici\u00f3n se desarroll\u00f3 sin contratiempos, conforme a lo planificado. Adem\u00e1s, indic\u00f3 que entre las primeras acciones de su gesti\u00f3n priorizar\u00e1 medidas en el \u00e1rea de salud dentro del departamento.<\/p>\n\n\n\n<p>\ud83d\udce2 Go Communication<br>\u00danete al grupo oficial de WhatsApp y Telegram\ud83d\udcf1 a trav\u00e9s de los siguientes enlaces: \ud83d\udd17\ud83d\udc47<br>\u27a1\ufe0f WhatsApp:\u00a0<a href=\"https:\/\/whatsapp.com\/channel\/0029Va7C0epA2pL4r3PiKa1F\" target=\"_blank\" rel=\"noreferrer noopener\">https:\/\/whatsapp.com\/channel0029Va7C0epA2pL4r3PiKa1F<\/a><br>\u27a1\ufe0f Telegram:\u00a0<a href=\"https:\/\/t.me\/GoCommunicationBolivia\">https:\/\/t.me\/GoCommunicationBolivia<\/a><\/p>\n","protected":false},"excerpt":{"rendered":"<p>Luis Revilla anunci\u00f3 di\u00e1logos con asamble\u00edstas y organizaciones sociales para formar una alianza que garantice la gobernabilidad en<\/p>\n","protected":false},"author":3,"featured_media":2347,"comment_status":"closed","ping_status":"closed","sticky":false,"template":"","format":"standard","meta":{"_monsterinsights_skip_tracking":false,"_monsterinsights_sitenote_active":false,"_monsterinsights_sitenote_note":"","_monsterinsights_sitenote_category":0,"footnotes":""},"categories":[6],"tags":[684,104,850],"class_list":["post-2346","post","type-post","status-publish","format-standard","has-post-thumbnail","hentry","category-politica","tag-gobernacion","tag-la-paz","tag-luis-revilla"],"_links":{"self":[{"href":"https:\/\/gocommunicationbol.com\/index.php?rest_route=\/wp\/v2\/posts\/2346","targetHints":{"allow":["GET"]}}],"collection":[{"href":"https:\/\/gocommunicationbol.com\/index.php?rest_route=\/wp\/v2\/posts"}],"about":[{"href":"https:\/\/gocommunicationbol.com\/index.php?rest_route=\/wp\/v2\/types\/post"}],"author":[{"embeddable":true,"href":"https:\/\/gocommunicationbol.com\/index.php?rest_route=\/wp\/v2\/users\/3"}],"replies":[{"embeddable":true,"href":"https:\/\/gocommunicationbol.com\/index.php?rest_route=%2Fwp%2Fv2%2Fcomments&post=2346"}],"version-history":[{"count":1,"href":"https:\/\/gocommunicationbol.com\/index.php?rest_route=\/wp\/v2\/posts\/2346\/revisions"}],"predecessor-version":[{"id":2348,"href":"https:\/\/gocommunicationbol.com\/index.php?rest_route=\/wp\/v2\/posts\/2346\/revisions\/2348"}],"wp:featuredmedia":[{"embeddable":true,"href":"https:\/\/gocommunicationbol.com\/index.php?rest_route=\/wp\/v2\/media\/2347"}],"wp:attachment":[{"href":"https:\/\/gocommunicationbol.com\/index.php?rest_route=%2Fwp%2Fv2%2Fmedia&parent=2346"}],"wp:term":[{"taxonomy":"category","embeddable":true,"href":"https:\/\/gocommunicationbol.com\/index.php?rest_route=%2Fwp%2Fv2%2Fcategories&post=2346"},{"taxonomy":"post_tag","embeddable":true,"href":"https:\/\/gocommunicationbol.com\/index.php?rest_route=%2Fwp%2Fv2%2Ftags&post=2346"}],"curies":[{"name":"wp","href":"https:\/\/api.w.org\/{rel}","templated":true}]}}