{"id":2337,"date":"2026-04-28T14:37:37","date_gmt":"2026-04-28T14:37:37","guid":{"rendered":"https:\/\/gocommunicationbol.com\/?p=2337"},"modified":"2026-04-28T14:37:40","modified_gmt":"2026-04-28T14:37:40","slug":"fabriles-anuncian-participacion-masiva-en-el-cabildo-de-la-cob","status":"publish","type":"post","link":"https:\/\/gocommunicationbol.com\/?p=2337","title":{"rendered":"Fabriles anuncian participaci\u00f3n masiva en el cabildo de la COB"},"content":{"rendered":"\n<p><em>La Confederaci\u00f3n de Trabajadores Fabriles confirm\u00f3 asistencia al cabildo de la COB este 1 de mayo en El Alto, donde definir\u00e1n medidas ante demandas laborales pendientes.<\/em><\/p>\n\n\n\n<p><strong>La Paz, 28 de abril de 2026. &#8211;<\/strong> La Confederaci\u00f3n de Trabajadores Fabriles de Bolivia confirm\u00f3 su participaci\u00f3n masiva en el cabildo convocado por la Central Obrera Boliviana (COB) para el 1 de mayo en la ciudad de El Alto, donde prev\u00e9 asumir determinaciones frente a demandas laborales.<\/p>\n\n\n\n<p>El secretario ejecutivo del sector, Mario Segundo, inform\u00f3 que los fabriles acudir\u00e1n en bloque a la convocatoria y participar\u00e1n en la definici\u00f3n de medidas. \u201cSe tomar\u00e1n determinaciones\u201d, afirm\u00f3 el dirigente al referirse a las resoluciones que se adoptar\u00e1n durante el encuentro.<\/p>\n\n\n\n<p>Segundo se\u00f1al\u00f3 que las demandas estructurales de los trabajadores no recibieron respuesta del Gobierno, por lo que el cabildo definir\u00e1 acciones. Adem\u00e1s, destac\u00f3 la adhesi\u00f3n de sectores no afiliados a la COB, que anunciaron su participaci\u00f3n en la movilizaci\u00f3n.<\/p>\n\n\n\n<p>El dirigente tambi\u00e9n indic\u00f3 que la COB envi\u00f3 una solicitud al Tribunal Supremo Electoral (TSE) para que acompa\u00f1e el cabildo y otorgue respaldo institucional a las decisiones que se adopten durante la jornada. Seg\u00fan explic\u00f3, la intenci\u00f3n es que las conclusiones del encuentro tengan car\u00e1cter vinculante.<\/p>\n\n\n\n<p>La convocatoria se realizar\u00e1 en el marco del D\u00eda Internacional del Trabajador, fecha en la que la organizaci\u00f3n sindical reunir\u00e1 a distintos sectores laborales para definir su posici\u00f3n frente a la agenda econ\u00f3mica y social.<\/p>\n\n\n\n<p>\ud83d\udce2 Go Communication<br>\u00danete al grupo oficial de WhatsApp y Telegram\ud83d\udcf1 a trav\u00e9s de los siguientes enlaces: \ud83d\udd17\ud83d\udc47<br>\u27a1\ufe0f WhatsApp:\u00a0<a href=\"https:\/\/whatsapp.com\/channel\/0029Va7C0epA2pL4r3PiKa1F\" target=\"_blank\" rel=\"noreferrer noopener\">https:\/\/whatsapp.com\/channel0029Va7C0epA2pL4r3PiKa1F<\/a><br>\u27a1\ufe0f Telegram:\u00a0<a href=\"https:\/\/t.me\/GoCommunicationBolivia\">https:\/\/t.me\/GoCommunicationBolivia<\/a><\/p>\n","protected":false},"excerpt":{"rendered":"<p>La Confederaci\u00f3n de Trabajadores Fabriles confirm\u00f3 asistencia al cabildo de la COB este 1 de mayo en El<\/p>\n","protected":false},"author":3,"featured_media":2338,"comment_status":"closed","ping_status":"closed","sticky":false,"template":"","format":"standard","meta":{"_monsterinsights_skip_tracking":false,"_monsterinsights_sitenote_active":false,"_monsterinsights_sitenote_note":"","_monsterinsights_sitenote_category":0,"footnotes":""},"categories":[6],"tags":[1066,298,297,1065],"class_list":["post-2337","post","type-post","status-publish","format-standard","has-post-thumbnail","hentry","category-politica","tag-cabildo","tag-central-obrera-boliviana","tag-cob","tag-fabriles"],"_links":{"self":[{"href":"https:\/\/gocommunicationbol.com\/index.php?rest_route=\/wp\/v2\/posts\/2337","targetHints":{"allow":["GET"]}}],"collection":[{"href":"https:\/\/gocommunicationbol.com\/index.php?rest_route=\/wp\/v2\/posts"}],"about":[{"href":"https:\/\/gocommunicationbol.com\/index.php?rest_route=\/wp\/v2\/types\/post"}],"author":[{"embeddable":true,"href":"https:\/\/gocommunicationbol.com\/index.php?rest_route=\/wp\/v2\/users\/3"}],"replies":[{"embeddable":true,"href":"https:\/\/gocommunicationbol.com\/index.php?rest_route=%2Fwp%2Fv2%2Fcomments&post=2337"}],"version-history":[{"count":1,"href":"https:\/\/gocommunicationbol.com\/index.php?rest_route=\/wp\/v2\/posts\/2337\/revisions"}],"predecessor-version":[{"id":2339,"href":"https:\/\/gocommunicationbol.com\/index.php?rest_route=\/wp\/v2\/posts\/2337\/revisions\/2339"}],"wp:featuredmedia":[{"embeddable":true,"href":"https:\/\/gocommunicationbol.com\/index.php?rest_route=\/wp\/v2\/media\/2338"}],"wp:attachment":[{"href":"https:\/\/gocommunicationbol.com\/index.php?rest_route=%2Fwp%2Fv2%2Fmedia&parent=2337"}],"wp:term":[{"taxonomy":"category","embeddable":true,"href":"https:\/\/gocommunicationbol.com\/index.php?rest_route=%2Fwp%2Fv2%2Fcategories&post=2337"},{"taxonomy":"post_tag","embeddable":true,"href":"https:\/\/gocommunicationbol.com\/index.php?rest_route=%2Fwp%2Fv2%2Ftags&post=2337"}],"curies":[{"name":"wp","href":"https:\/\/api.w.org\/{rel}","templated":true}]}}