{"id":2331,"date":"2026-04-28T13:51:18","date_gmt":"2026-04-28T13:51:18","guid":{"rendered":"https:\/\/gocommunicationbol.com\/?p=2331"},"modified":"2026-04-28T13:51:20","modified_gmt":"2026-04-28T13:51:20","slug":"acusacion-contra-evo-por-trata-de-personas-suma-mas-de-170-pruebas","status":"publish","type":"post","link":"https:\/\/gocommunicationbol.com\/?p=2331","title":{"rendered":"Acusaci\u00f3n contra Evo por trata de personas suma m\u00e1s de 170 pruebas"},"content":{"rendered":"\n<p><em>El TDJ cit\u00f3 por edicto a Evo Morales en un proceso por presunta trata de personas, que acumula m\u00e1s de 170 pruebas y avanza hacia juicio oral.<\/em><\/p>\n\n\n\n<p><strong>La Paz, 28 de abril de 2026. &#8211;<\/strong> El Tribunal Departamental de Justicia (TDJ) emiti\u00f3 una citaci\u00f3n por edicto contra Evo Morales en un proceso por presunta trata de personas, cuya acusaci\u00f3n incluye m\u00e1s de 170 pruebas y avanza hacia la etapa de juicio oral.<\/p>\n\n\n\n<p>El fiscal departamental, Jos\u00e9 Ernesto Mogro, inform\u00f3 que el cuaderno de investigaci\u00f3n re\u00fane m\u00e1s de 170 elementos probatorios presentados en el pliego acusatorio. \u201cEl cuaderno de investigaci\u00f3n cuenta con m\u00e1s de 170 pruebas presentadas en el pliego acusatorio (\u2026) Morales se ha apersonado al Tribunal de Sentencia, mediante su abogado, se\u00f1alando su domicilio, el \u00d3rgano Judicial ha instruido se lo notifique, pero no pudo ser habido y se lo est\u00e1 notificando por edicto\u201d.<\/p>\n\n\n\n<p>La autoridad precis\u00f3 que esta semana vence el plazo para que la defensa presente sus pruebas de descargo, paso previo a que el tribunal fije la fecha de juicio. La comisi\u00f3n de fiscales formaliz\u00f3 la acusaci\u00f3n tras varios intentos de la defensa por anular el proceso.<\/p>\n\n\n\n<p>El caso investiga un hecho ocurrido en 2015, cuando el exmandatario habr\u00eda embarazado a una adolescente de 15 a\u00f1os, mientras ejerc\u00eda la Presidencia. Desde la apertura de la investigaci\u00f3n en 2024, Morales cuestion\u00f3 el proceso y evit\u00f3 presentarse a las citaciones.<\/p>\n\n\n\n<p>Seg\u00fan antecedentes, el exjefe de Estado permanece bajo resguardo de su militancia para impedir la ejecuci\u00f3n de un mandamiento de aprehensi\u00f3n. En tanto, la presunta v\u00edctima se encuentra en Argentina junto a su hija y su madre, quien tambi\u00e9n enfrenta una acusaci\u00f3n por complicidad dentro del proceso.<\/p>\n\n\n\n<p>\ud83d\udce2 Go Communication<br>\u00danete al grupo oficial de WhatsApp y Telegram\ud83d\udcf1 a trav\u00e9s de los siguientes enlaces: \ud83d\udd17\ud83d\udc47<br>\u27a1\ufe0f WhatsApp:\u00a0<a href=\"https:\/\/whatsapp.com\/channel\/0029Va7C0epA2pL4r3PiKa1F\" target=\"_blank\" rel=\"noreferrer noopener\">https:\/\/whatsapp.com\/channel0029Va7C0epA2pL4r3PiKa1F<\/a><br>\u27a1\ufe0f Telegram:\u00a0<a href=\"https:\/\/t.me\/GoCommunicationBolivia\">https:\/\/t.me\/GoCommunicationBolivia<\/a><\/p>\n","protected":false},"excerpt":{"rendered":"<p>El TDJ cit\u00f3 por edicto a Evo Morales en un proceso por presunta trata de personas, que acumula<\/p>\n","protected":false},"author":3,"featured_media":2332,"comment_status":"closed","ping_status":"closed","sticky":false,"template":"","format":"standard","meta":{"_monsterinsights_skip_tracking":false,"_monsterinsights_sitenote_active":false,"_monsterinsights_sitenote_note":"","_monsterinsights_sitenote_category":0,"footnotes":""},"categories":[6],"tags":[1063,100,248,386],"class_list":["post-2331","post","type-post","status-publish","format-standard","has-post-thumbnail","hentry","category-politica","tag-acusacion","tag-evo-morales","tag-justicia","tag-trata-de-personas"],"_links":{"self":[{"href":"https:\/\/gocommunicationbol.com\/index.php?rest_route=\/wp\/v2\/posts\/2331","targetHints":{"allow":["GET"]}}],"collection":[{"href":"https:\/\/gocommunicationbol.com\/index.php?rest_route=\/wp\/v2\/posts"}],"about":[{"href":"https:\/\/gocommunicationbol.com\/index.php?rest_route=\/wp\/v2\/types\/post"}],"author":[{"embeddable":true,"href":"https:\/\/gocommunicationbol.com\/index.php?rest_route=\/wp\/v2\/users\/3"}],"replies":[{"embeddable":true,"href":"https:\/\/gocommunicationbol.com\/index.php?rest_route=%2Fwp%2Fv2%2Fcomments&post=2331"}],"version-history":[{"count":1,"href":"https:\/\/gocommunicationbol.com\/index.php?rest_route=\/wp\/v2\/posts\/2331\/revisions"}],"predecessor-version":[{"id":2333,"href":"https:\/\/gocommunicationbol.com\/index.php?rest_route=\/wp\/v2\/posts\/2331\/revisions\/2333"}],"wp:featuredmedia":[{"embeddable":true,"href":"https:\/\/gocommunicationbol.com\/index.php?rest_route=\/wp\/v2\/media\/2332"}],"wp:attachment":[{"href":"https:\/\/gocommunicationbol.com\/index.php?rest_route=%2Fwp%2Fv2%2Fmedia&parent=2331"}],"wp:term":[{"taxonomy":"category","embeddable":true,"href":"https:\/\/gocommunicationbol.com\/index.php?rest_route=%2Fwp%2Fv2%2Fcategories&post=2331"},{"taxonomy":"post_tag","embeddable":true,"href":"https:\/\/gocommunicationbol.com\/index.php?rest_route=%2Fwp%2Fv2%2Ftags&post=2331"}],"curies":[{"name":"wp","href":"https:\/\/api.w.org\/{rel}","templated":true}]}}