{"id":2325,"date":"2026-04-28T12:45:35","date_gmt":"2026-04-28T12:45:35","guid":{"rendered":"https:\/\/gocommunicationbol.com\/?p=2325"},"modified":"2026-04-28T12:45:38","modified_gmt":"2026-04-28T12:45:38","slug":"gobierno-aprueba-el-decreto-5613-que-brinda-seguridad-a-la-propiedad-agraria","status":"publish","type":"post","link":"https:\/\/gocommunicationbol.com\/?p=2325","title":{"rendered":"Gobierno aprueba el Decreto 5613 que brinda seguridad a la propiedad agraria"},"content":{"rendered":"\n<p><em>El Gobierno aprob\u00f3 el Decreto 5613 para asegurar la peque\u00f1a propiedad agraria y la dotaci\u00f3n de tierras en Beni y Pando ante una marcha ind\u00edgena y campesina hacia La Paz.<\/em><\/p>\n\n\n\n<p><strong>La Paz, 28 de abril de 2026. &#8211;<\/strong> El Gobierno aprob\u00f3 el Decreto Supremo 5613 y garantiz\u00f3 la seguridad jur\u00eddica de la peque\u00f1a propiedad agraria, adem\u00e1s de priorizar la dotaci\u00f3n de tierras a comunidades campesinas e ind\u00edgenas en Beni y Pando, en respuesta a una marcha que se dirige hacia La Paz.<\/p>\n\n\n\n<p>La norma estableci\u00f3 la dotaci\u00f3n prioritaria de tierras en la regi\u00f3n amaz\u00f3nica para comunidades que solicitaron superficies sin sobreposici\u00f3n hasta la promulgaci\u00f3n del decreto. El Ejecutivo dispuso que la asignaci\u00f3n incluya tierras fiscales disponibles, fiscales no disponibles convertidas en fiscales y predios revertidos o expropiados por el Instituto Nacional de Reforma Agraria (INRA), previa evaluaci\u00f3n t\u00e9cnica y legal conforme a la normativa vigente.<\/p>\n\n\n\n<p>La decisi\u00f3n respondi\u00f3 a la movilizaci\u00f3n iniciada el 8 de abril desde Pando, que rechaz\u00f3 la Ley 157, norma que permite la conversi\u00f3n de la peque\u00f1a propiedad en mediana mediante tr\u00e1mite administrativo. A medida que la marcha avanz\u00f3, se sumaron m\u00e1s organizaciones campesinas e ind\u00edgenas. El presidente Rodrigo Paz afirm\u00f3 que la conversi\u00f3n es voluntaria y que busca facilitar el acceso a cr\u00e9ditos bancarios para peque\u00f1os productores. \u201cLa conversi\u00f3n permitir\u00e1 que el peque\u00f1o propietario acceda a financiamiento\u201d.<\/p>\n\n\n\n<p>Los sectores movilizados cuestionaron la medida y se\u00f1alaron que la ley afecta la indivisibilidad de la peque\u00f1a propiedad agraria. En respuesta, el decreto ratific\u00f3 su car\u00e1cter indivisible, inembargable y como patrimonio familiar, conforme a la Constituci\u00f3n Pol\u00edtica del Estado.<\/p>\n\n\n\n<p>La norma tambi\u00e9n fortaleci\u00f3 las acciones administrativas para prevenir y atender conflictos agrarios y promovi\u00f3 la actualizaci\u00f3n, saneamiento y registro de informaci\u00f3n para mejorar la seguridad jur\u00eddica de los titulares. Asimismo, el decreto orden\u00f3 la revisi\u00f3n de concesiones forestales maderables y no maderables para verificar su uso conforme al Plan de Uso de Suelos (PLUS), la legalidad de su documentaci\u00f3n y la existencia de comunidades con solicitudes de dotaci\u00f3n en las \u00e1reas intervenidas.<\/p>\n\n\n\n<p>\ud83d\udce2 Go Communication<br>\u00danete al grupo oficial de WhatsApp y Telegram\ud83d\udcf1 a trav\u00e9s de los siguientes enlaces: \ud83d\udd17\ud83d\udc47<br>\u27a1\ufe0f WhatsApp:\u00a0<a href=\"https:\/\/whatsapp.com\/channel\/0029Va7C0epA2pL4r3PiKa1F\" target=\"_blank\" rel=\"noreferrer noopener\">https:\/\/whatsapp.com\/channel0029Va7C0epA2pL4r3PiKa1F<\/a><br>\u27a1\ufe0f Telegram:\u00a0<a href=\"https:\/\/t.me\/GoCommunicationBolivia\">https:\/\/t.me\/GoCommunicationBolivia<\/a><\/p>\n","protected":false},"excerpt":{"rendered":"<p>El Gobierno aprob\u00f3 el Decreto 5613 para asegurar la peque\u00f1a propiedad agraria y la dotaci\u00f3n de tierras en<\/p>\n","protected":false},"author":3,"featured_media":2326,"comment_status":"closed","ping_status":"closed","sticky":false,"template":"","format":"standard","meta":{"_monsterinsights_skip_tracking":false,"_monsterinsights_sitenote_active":false,"_monsterinsights_sitenote_note":"","_monsterinsights_sitenote_category":0,"footnotes":""},"categories":[6],"tags":[208,1061,533,756],"class_list":["post-2325","post","type-post","status-publish","format-standard","has-post-thumbnail","hentry","category-politica","tag-beni","tag-decreto-supremo-5613","tag-gobierno","tag-pando"],"_links":{"self":[{"href":"https:\/\/gocommunicationbol.com\/index.php?rest_route=\/wp\/v2\/posts\/2325","targetHints":{"allow":["GET"]}}],"collection":[{"href":"https:\/\/gocommunicationbol.com\/index.php?rest_route=\/wp\/v2\/posts"}],"about":[{"href":"https:\/\/gocommunicationbol.com\/index.php?rest_route=\/wp\/v2\/types\/post"}],"author":[{"embeddable":true,"href":"https:\/\/gocommunicationbol.com\/index.php?rest_route=\/wp\/v2\/users\/3"}],"replies":[{"embeddable":true,"href":"https:\/\/gocommunicationbol.com\/index.php?rest_route=%2Fwp%2Fv2%2Fcomments&post=2325"}],"version-history":[{"count":1,"href":"https:\/\/gocommunicationbol.com\/index.php?rest_route=\/wp\/v2\/posts\/2325\/revisions"}],"predecessor-version":[{"id":2327,"href":"https:\/\/gocommunicationbol.com\/index.php?rest_route=\/wp\/v2\/posts\/2325\/revisions\/2327"}],"wp:featuredmedia":[{"embeddable":true,"href":"https:\/\/gocommunicationbol.com\/index.php?rest_route=\/wp\/v2\/media\/2326"}],"wp:attachment":[{"href":"https:\/\/gocommunicationbol.com\/index.php?rest_route=%2Fwp%2Fv2%2Fmedia&parent=2325"}],"wp:term":[{"taxonomy":"category","embeddable":true,"href":"https:\/\/gocommunicationbol.com\/index.php?rest_route=%2Fwp%2Fv2%2Fcategories&post=2325"},{"taxonomy":"post_tag","embeddable":true,"href":"https:\/\/gocommunicationbol.com\/index.php?rest_route=%2Fwp%2Fv2%2Ftags&post=2325"}],"curies":[{"name":"wp","href":"https:\/\/api.w.org\/{rel}","templated":true}]}}