{"id":2322,"date":"2026-04-27T16:12:26","date_gmt":"2026-04-27T16:12:26","guid":{"rendered":"https:\/\/gocommunicationbol.com\/?p=2322"},"modified":"2026-04-27T16:12:29","modified_gmt":"2026-04-27T16:12:29","slug":"menor-fue-abusada-dos-veces-en-un-mismo-dia-los-agresores-siguen-libres","status":"publish","type":"post","link":"https:\/\/gocommunicationbol.com\/?p=2322","title":{"rendered":"Menor fue abusada dos veces en un mismo d\u00eda; los agresores siguen libres"},"content":{"rendered":"\n<p><em>Una ni\u00f1a de 12 a\u00f1os denunci\u00f3 dos agresiones sexuales cometidas por adolescentes en la comunidad El Palmar de Culpina, Chuquisaca, el pasado 22 de marzo.<\/em> <em>Los agresores ya fueron identificados; sin embargo, siguen libres.<\/em><\/p>\n\n\n\n<p><strong>Chuquisaca, 27 de abril de 2026. &#8211;<\/strong> Una ni\u00f1a de 12 a\u00f1os fue v\u00edctima de dos agresiones sexuales en un mismo d\u00eda en la comunidad El Palmar, municipio de Culpina, provincia Sud Cinti del departamento de Chuquisaca, seg\u00fan la denuncia presentada por su madre ante la Fuerza Especial de Lucha Contra la Violencia (FELCV). Los responsables fueron adolescentes identificados, quienes contin\u00faan en libertad.<\/p>\n\n\n\n<p>La madre inform\u00f3 que el primer ataque ocurri\u00f3 alrededor de las 20:30 del domingo 22 de marzo, cuando un adolescente de 16 a\u00f1os llev\u00f3 a la menor al monte y la viol\u00f3, amenaz\u00e1ndola para que guardara silencio. Minutos despu\u00e9s, la ni\u00f1a fue interceptada por tres adolescentes en la cancha de la comunidad; uno de ellos, de 17 a\u00f1os, la agredi\u00f3 sexualmente con la ayuda de los otros dos, quienes la sujetaron de las manos. La v\u00edctima relat\u00f3 que perdi\u00f3 el conocimiento y reci\u00e9n despert\u00f3 al d\u00eda siguiente.<\/p>\n\n\n\n<p>La madre y su pareja acudieron inicialmente a la Fiscal\u00eda de Culpina para exigir acciones, pero afirmaron que su demanda no fue atendida. Posteriormente, se trasladaron a Sucre para presentar la queja ante la Fiscal\u00eda Departamental de Chuquisaca y solicitar la intervenci\u00f3n de la Defensor\u00eda del Pueblo. \u00abPedimos que se act\u00fae de manera inmediata porque los agresores siguen libres\u00bb, declar\u00f3 la madre de la v\u00edctima.<\/p>\n\n\n\n<p>Familiares denunciaron que los adolescentes identificados contin\u00faan realizando sus actividades en la comunidad y que incluso se burlan de la menor. La madre precis\u00f3 que el temor impidi\u00f3 que su hija relatara lo ocurrido de inmediato y reci\u00e9n dos d\u00edas despu\u00e9s pudo contarle los hechos.<\/p>\n\n\n\n<p>Las autoridades a\u00fan no confirmaron si los tres adolescentes que participaron en la segunda agresi\u00f3n tambi\u00e9n cometieron el delito, debido a que la v\u00edctima estaba inconsciente. El caso permanece en investigaci\u00f3n y la familia espera que se emitan medidas de aprehensi\u00f3n contra los acusados.<\/p>\n\n\n\n<p>\ud83d\udce2 Go Communication<br>\u00danete al grupo oficial de WhatsApp y Telegram\ud83d\udcf1 a trav\u00e9s de los siguientes enlaces: \ud83d\udd17\ud83d\udc47<br>\u27a1\ufe0f WhatsApp:\u00a0<a href=\"https:\/\/whatsapp.com\/channel\/0029Va7C0epA2pL4r3PiKa1F\" target=\"_blank\" rel=\"noreferrer noopener\">https:\/\/whatsapp.com\/channel0029Va7C0epA2pL4r3PiKa1F<\/a><br>\u27a1\ufe0f Telegram:\u00a0<a href=\"https:\/\/t.me\/GoCommunicationBolivia\">https:\/\/t.me\/GoCommunicationBolivia<\/a><\/p>\n","protected":false},"excerpt":{"rendered":"<p>Una ni\u00f1a de 12 a\u00f1os denunci\u00f3 dos agresiones sexuales cometidas por adolescentes en la comunidad El Palmar de<\/p>\n","protected":false},"author":3,"featured_media":2323,"comment_status":"closed","ping_status":"closed","sticky":false,"template":"","format":"standard","meta":{"_monsterinsights_skip_tracking":false,"_monsterinsights_sitenote_active":false,"_monsterinsights_sitenote_note":"","_monsterinsights_sitenote_category":0,"footnotes":""},"categories":[7],"tags":[669,1060,19,1059],"class_list":["post-2322","post","type-post","status-publish","format-standard","has-post-thumbnail","hentry","category-sociedad","tag-abuso","tag-delito","tag-felcv","tag-menor-de-edad"],"_links":{"self":[{"href":"https:\/\/gocommunicationbol.com\/index.php?rest_route=\/wp\/v2\/posts\/2322","targetHints":{"allow":["GET"]}}],"collection":[{"href":"https:\/\/gocommunicationbol.com\/index.php?rest_route=\/wp\/v2\/posts"}],"about":[{"href":"https:\/\/gocommunicationbol.com\/index.php?rest_route=\/wp\/v2\/types\/post"}],"author":[{"embeddable":true,"href":"https:\/\/gocommunicationbol.com\/index.php?rest_route=\/wp\/v2\/users\/3"}],"replies":[{"embeddable":true,"href":"https:\/\/gocommunicationbol.com\/index.php?rest_route=%2Fwp%2Fv2%2Fcomments&post=2322"}],"version-history":[{"count":1,"href":"https:\/\/gocommunicationbol.com\/index.php?rest_route=\/wp\/v2\/posts\/2322\/revisions"}],"predecessor-version":[{"id":2324,"href":"https:\/\/gocommunicationbol.com\/index.php?rest_route=\/wp\/v2\/posts\/2322\/revisions\/2324"}],"wp:featuredmedia":[{"embeddable":true,"href":"https:\/\/gocommunicationbol.com\/index.php?rest_route=\/wp\/v2\/media\/2323"}],"wp:attachment":[{"href":"https:\/\/gocommunicationbol.com\/index.php?rest_route=%2Fwp%2Fv2%2Fmedia&parent=2322"}],"wp:term":[{"taxonomy":"category","embeddable":true,"href":"https:\/\/gocommunicationbol.com\/index.php?rest_route=%2Fwp%2Fv2%2Fcategories&post=2322"},{"taxonomy":"post_tag","embeddable":true,"href":"https:\/\/gocommunicationbol.com\/index.php?rest_route=%2Fwp%2Fv2%2Ftags&post=2322"}],"curies":[{"name":"wp","href":"https:\/\/api.w.org\/{rel}","templated":true}]}}