{"id":2306,"date":"2026-04-27T13:29:55","date_gmt":"2026-04-27T13:29:55","guid":{"rendered":"https:\/\/gocommunicationbol.com\/?p=2306"},"modified":"2026-04-27T13:29:58","modified_gmt":"2026-04-27T13:29:58","slug":"bloqueos-por-combustible-y-ley-1720-cierran-las-rutas-a-caranavi-y-al-norte-de-la-paz","status":"publish","type":"post","link":"https:\/\/gocommunicationbol.com\/?p=2306","title":{"rendered":"Bloqueos por combustible y ley 1720 cierran las rutas a Caranavi y al norte de La Paz"},"content":{"rendered":"\n<p><em>Sectores instalaron este lunes bloqueos en la ruta a Caranavi para exigir combustibles, reparaci\u00f3n vial y la anulaci\u00f3n de la Ley 1720.<\/em><\/p>\n\n\n\n<p><strong>La Paz, 27 de abril de 2026. &#8211;<\/strong> Diversos sectores instalaron desde este lunes bloqueos en la ruta a Caranavi y al norte de La Paz, con el objetivo de exigir abastecimiento de combustibles, mejoras en carreteras y la anulaci\u00f3n de la Ley 1720.<\/p>\n\n\n\n<p>Ch\u00f3feres y productores colocaron promontorios de tierra y barricadas con restos de \u00e1rboles en varios puntos del ingreso a Caranavi, lo que interrumpi\u00f3 el tr\u00e1nsito vehicular en la v\u00eda que conecta con los Yungas y regiones del norte pace\u00f1o. Los movilizados reclamaron por la escasez de combustibles y por los problemas generados por la denominada gasolina desestabilizada, adem\u00e1s de exigir la reparaci\u00f3n de carreteras que vinculan a la sede de Gobierno con la regi\u00f3n tropical del departamento.<\/p>\n\n\n\n<p>La Federaci\u00f3n Agroecol\u00f3gica de Comunidades Interculturales Alto Beni &#8211; Palos Blancos (Faecab) afirm\u00f3 que \u201csus demandas no han sido escuchadas\u201d y ratific\u00f3 la exigencia de anular la Ley 1720, que establece la conversi\u00f3n de tierras peque\u00f1as a medianas. En paralelo, la marcha ind\u00edgena que parti\u00f3 de Pando lleg\u00f3 a Caranavi el fin de semana y anunci\u00f3 su avance hacia la ciudad de La Paz con el mismo pedido de abrogaci\u00f3n de la norma.<\/p>\n\n\n\n<p>En la tranca de Urujara, en la salida de la ciudad pace\u00f1a, la circulaci\u00f3n se mantuvo irregular y se redujo el flujo vehicular, con tr\u00e1nsito limitado a unidades de transporte p\u00fablico de los Yungas, mientras que en la Terminal de Minasa no registr\u00f3 salidas de veh\u00edculos hacia el norte de La Paz durante la jornada. La v\u00eda afectada conecta con Palos Blancos, Alto Beni y regiones del Beni, lo que impact\u00f3 la circulaci\u00f3n hacia esas zonas.<\/p>\n\n\n\n<p>\ud83d\udce2 Go Communication<br>\u00danete al grupo oficial de WhatsApp y Telegram\ud83d\udcf1 a trav\u00e9s de los siguientes enlaces: \ud83d\udd17\ud83d\udc47<br>\u27a1\ufe0f WhatsApp:\u00a0<a href=\"https:\/\/whatsapp.com\/channel\/0029Va7C0epA2pL4r3PiKa1F\" target=\"_blank\" rel=\"noreferrer noopener\">https:\/\/whatsapp.com\/channel0029Va7C0epA2pL4r3PiKa1F<\/a><br>\u27a1\ufe0f Telegram:\u00a0<a href=\"https:\/\/t.me\/GoCommunicationBolivia\">https:\/\/t.me\/GoCommunicationBolivia<\/a><\/p>\n","protected":false},"excerpt":{"rendered":"<p>Sectores instalaron este lunes bloqueos en la ruta a Caranavi para exigir combustibles, reparaci\u00f3n vial y la anulaci\u00f3n<\/p>\n","protected":false},"author":3,"featured_media":2307,"comment_status":"closed","ping_status":"closed","sticky":false,"template":"","format":"standard","meta":{"_monsterinsights_skip_tracking":false,"_monsterinsights_sitenote_active":false,"_monsterinsights_sitenote_note":"","_monsterinsights_sitenote_category":0,"footnotes":""},"categories":[6],"tags":[922,825,1049,104,1021],"class_list":["post-2306","post","type-post","status-publish","format-standard","has-post-thumbnail","hentry","category-politica","tag-bloqueos","tag-combustible","tag-conflicto","tag-la-paz","tag-ley-1720"],"_links":{"self":[{"href":"https:\/\/gocommunicationbol.com\/index.php?rest_route=\/wp\/v2\/posts\/2306","targetHints":{"allow":["GET"]}}],"collection":[{"href":"https:\/\/gocommunicationbol.com\/index.php?rest_route=\/wp\/v2\/posts"}],"about":[{"href":"https:\/\/gocommunicationbol.com\/index.php?rest_route=\/wp\/v2\/types\/post"}],"author":[{"embeddable":true,"href":"https:\/\/gocommunicationbol.com\/index.php?rest_route=\/wp\/v2\/users\/3"}],"replies":[{"embeddable":true,"href":"https:\/\/gocommunicationbol.com\/index.php?rest_route=%2Fwp%2Fv2%2Fcomments&post=2306"}],"version-history":[{"count":1,"href":"https:\/\/gocommunicationbol.com\/index.php?rest_route=\/wp\/v2\/posts\/2306\/revisions"}],"predecessor-version":[{"id":2308,"href":"https:\/\/gocommunicationbol.com\/index.php?rest_route=\/wp\/v2\/posts\/2306\/revisions\/2308"}],"wp:featuredmedia":[{"embeddable":true,"href":"https:\/\/gocommunicationbol.com\/index.php?rest_route=\/wp\/v2\/media\/2307"}],"wp:attachment":[{"href":"https:\/\/gocommunicationbol.com\/index.php?rest_route=%2Fwp%2Fv2%2Fmedia&parent=2306"}],"wp:term":[{"taxonomy":"category","embeddable":true,"href":"https:\/\/gocommunicationbol.com\/index.php?rest_route=%2Fwp%2Fv2%2Fcategories&post=2306"},{"taxonomy":"post_tag","embeddable":true,"href":"https:\/\/gocommunicationbol.com\/index.php?rest_route=%2Fwp%2Fv2%2Ftags&post=2306"}],"curies":[{"name":"wp","href":"https:\/\/api.w.org\/{rel}","templated":true}]}}