{"id":2303,"date":"2026-04-27T12:55:48","date_gmt":"2026-04-27T12:55:48","guid":{"rendered":"https:\/\/gocommunicationbol.com\/?p=2303"},"modified":"2026-04-27T12:55:52","modified_gmt":"2026-04-27T12:55:52","slug":"sectores-sociales-se-movilizan-en-una-semana-conflictiva-para-la-paz","status":"publish","type":"post","link":"https:\/\/gocommunicationbol.com\/?p=2303","title":{"rendered":"Sectores sociales se movilizan en una semana conflictiva para La Paz"},"content":{"rendered":"\n<p><em>Diversos sectores iniciaron este lunes marchas, paros y bloqueos en La Paz para exigir respuestas al Gobierno por combustibles, salarios y normas vigentes.<\/em><\/p>\n\n\n\n<p><strong>La Paz, 27 de abril de 2026. &#8211;<\/strong> El Gobierno del presidente Rodrigo Paz enfrent\u00f3 desde este lunes una semana de conflictos sociales tras el anuncio de movilizaciones, paros y bloqueos indefinidos impulsados por transportistas, maestros, mineros, campesinos e ind\u00edgenas.<\/p>\n\n\n\n<p>La Central Obrera Boliviana (COB) convoc\u00f3 a un cabildo nacional para el 1 de mayo en El Alto con el fin de definir nuevas medidas, luego de que el Ejecutivo rechaz\u00f3 su demanda de un incremento del 20% al salario b\u00e1sico. El Gobierno justific\u00f3 la decisi\u00f3n con el aumento del salario m\u00ednimo a 3.300 bolivianos aplicado en diciembre.<\/p>\n\n\n\n<p>El dirigente de la COB, Mario Argollo, afirm\u00f3 que \u201cpr\u00e1cticamente la respuesta del Gobierno, en un 80%, es totalmente negativa, y en un 20%, evade y no responde\u201d, en declaraciones a Red Unitel. La organizaci\u00f3n tambi\u00e9n defendi\u00f3 la Ley General del Trabajo y rechaz\u00f3 el cierre de empresas estatales deficitarias, al considerarlo una \u201cprivatizaci\u00f3n encubierta\u201d.<\/p>\n\n\n\n<p>El transporte pesado de La Paz inici\u00f3 este lunes una caravana desde Senkata hasta La Ceja para exigir soluciones a la escasez de di\u00e9sel y compensaciones por la gasolina de baja calidad. El presidente de la C\u00e1mara Departamental de Transporte (Cadetran), \u00c1lvaro Ally\u00f3n, se\u00f1al\u00f3 que \u201clas filas han demorado dos o tres d\u00edas y lamentablemente no tenemos respuesta\u201d.<\/p>\n\n\n\n<p>Las organizaciones interculturales del norte pace\u00f1o instalaron un bloqueo indefinido de caminos desde las 00:00 en demanda de combustibles y en rechazo a la suspensi\u00f3n del balotaje para elegir gobernador en el departamento.<\/p>\n\n\n\n<p>En paralelo, el dirigente del magisterio urbano, Wilfredo Ajllahuanca, confirm\u00f3 la llegada de miles de maestros a La Paz para ejecutar marchas y bloqueos en demanda de un aumento salarial superior al 20% y el reajuste de 4.000 \u00edtems incompletos, tras la ruptura del di\u00e1logo con el Gobierno el pasado jueves.<\/p>\n\n\n\n<p>La Federaci\u00f3n Nacional de Cooperativas Mineras de Bolivia (Fencomin) anunci\u00f3 nuevas reuniones para definir medidas de presi\u00f3n, luego de que el presidente no asisti\u00f3 a la mesa de negociaci\u00f3n. Asimismo, la marcha ind\u00edgena de Pando avanz\u00f3 hasta Caranavi y previ\u00f3 llegar a La Paz esta semana para exigir la abrogaci\u00f3n de la Ley 1720, que reclasifica la propiedad agraria. El dirigente de la Csutcb, Gilmar Huarachi, inform\u00f3 que el sector realizar\u00e1 un ampliado nacional en Oruro para buscar la anulaci\u00f3n de la norma.<\/p>\n\n\n\n<p>El presidente Rodrigo Paz declar\u00f3 el s\u00e1bado que \u201cBolivia quiere cambio y yo no le tengo miedo a las movilizaciones; soy un constructor de la democracia\u201d. A\u00f1adi\u00f3 que le preocupa la falta de \u201ccapacidad de ofrecer soluciones reales para el futuro de nuestra patria\u201d.<\/p>\n\n\n\n<p>En paralelo, los analistas Horst Grebe y Gonzalo Colque coincidieron en que el pa\u00eds atraviesa una \u201ccrisis m\u00faltiple\u201d marcada por d\u00e9ficit fiscal, escasez de d\u00f3lares y problemas en el abastecimiento de combustibles. Grebe afirm\u00f3 que \u201cel pa\u00eds enfrenta una crisis econ\u00f3mica, institucional y pol\u00edtica\u201d, mientras que Colque sostuvo que \u201cno hay d\u00f3lares, ese es el problema central\u201d.<\/p>\n\n\n\n<p>\ud83d\udce2 Go Communication<br>\u00danete al grupo oficial de WhatsApp y Telegram\ud83d\udcf1 a trav\u00e9s de los siguientes enlaces: \ud83d\udd17\ud83d\udc47<br>\u27a1\ufe0f WhatsApp:\u00a0<a href=\"https:\/\/whatsapp.com\/channel\/0029Va7C0epA2pL4r3PiKa1F\" target=\"_blank\" rel=\"noreferrer noopener\">https:\/\/whatsapp.com\/channel0029Va7C0epA2pL4r3PiKa1F<\/a><br>\u27a1\ufe0f Telegram:\u00a0<a href=\"https:\/\/t.me\/GoCommunicationBolivia\">https:\/\/t.me\/GoCommunicationBolivia<\/a><\/p>\n","protected":false},"excerpt":{"rendered":"<p>Diversos sectores iniciaron este lunes marchas, paros y bloqueos en La Paz para exigir respuestas al Gobierno por<\/p>\n","protected":false},"author":3,"featured_media":2304,"comment_status":"closed","ping_status":"closed","sticky":false,"template":"","format":"standard","meta":{"_monsterinsights_skip_tracking":false,"_monsterinsights_sitenote_active":false,"_monsterinsights_sitenote_note":"","_monsterinsights_sitenote_category":0,"footnotes":""},"categories":[6],"tags":[922,1049,1003,847],"class_list":["post-2303","post","type-post","status-publish","format-standard","has-post-thumbnail","hentry","category-politica","tag-bloqueos","tag-conflicto","tag-marcha","tag-movilizacion"],"_links":{"self":[{"href":"https:\/\/gocommunicationbol.com\/index.php?rest_route=\/wp\/v2\/posts\/2303","targetHints":{"allow":["GET"]}}],"collection":[{"href":"https:\/\/gocommunicationbol.com\/index.php?rest_route=\/wp\/v2\/posts"}],"about":[{"href":"https:\/\/gocommunicationbol.com\/index.php?rest_route=\/wp\/v2\/types\/post"}],"author":[{"embeddable":true,"href":"https:\/\/gocommunicationbol.com\/index.php?rest_route=\/wp\/v2\/users\/3"}],"replies":[{"embeddable":true,"href":"https:\/\/gocommunicationbol.com\/index.php?rest_route=%2Fwp%2Fv2%2Fcomments&post=2303"}],"version-history":[{"count":1,"href":"https:\/\/gocommunicationbol.com\/index.php?rest_route=\/wp\/v2\/posts\/2303\/revisions"}],"predecessor-version":[{"id":2305,"href":"https:\/\/gocommunicationbol.com\/index.php?rest_route=\/wp\/v2\/posts\/2303\/revisions\/2305"}],"wp:featuredmedia":[{"embeddable":true,"href":"https:\/\/gocommunicationbol.com\/index.php?rest_route=\/wp\/v2\/media\/2304"}],"wp:attachment":[{"href":"https:\/\/gocommunicationbol.com\/index.php?rest_route=%2Fwp%2Fv2%2Fmedia&parent=2303"}],"wp:term":[{"taxonomy":"category","embeddable":true,"href":"https:\/\/gocommunicationbol.com\/index.php?rest_route=%2Fwp%2Fv2%2Fcategories&post=2303"},{"taxonomy":"post_tag","embeddable":true,"href":"https:\/\/gocommunicationbol.com\/index.php?rest_route=%2Fwp%2Fv2%2Ftags&post=2303"}],"curies":[{"name":"wp","href":"https:\/\/api.w.org\/{rel}","templated":true}]}}