{"id":1404,"date":"2026-03-16T14:38:39","date_gmt":"2026-03-16T14:38:39","guid":{"rendered":"https:\/\/gocommunicationbol.com\/?p=1404"},"modified":"2026-03-16T14:38:44","modified_gmt":"2026-03-16T14:38:44","slug":"arias-y-dockweiler-los-mas-criticados-en-el-debate","status":"publish","type":"post","link":"https:\/\/gocommunicationbol.com\/?p=1404","title":{"rendered":"Arias y Dockweiler, los m\u00e1s criticados en el debate"},"content":{"rendered":"\n<p><em>Iv\u00e1n Arias y C\u00e9sar Dockweiler recibieron cuestionamientos de candidatos durante el debate a la Alcald\u00eda de La Paz organizado por el TSE.<\/em><\/p>\n\n\n\n<p><strong>La Paz, 16 de marzo de 2026. &#8211;<\/strong> Iv\u00e1n Arias y C\u00e9sar Dockweiler concentraron cuestionamientos y cr\u00edticas de otros candidatos durante el debate a la Alcald\u00eda de La Paz organizado por el Tribunal Supremo Electoral (TSE), particularmente en el segundo bloque del encuentro.<\/p>\n\n\n\n<p>Varios postulantes cuestionaron a Dockweiler, candidato de Innovaci\u00f3n Humana (IH), por su vinculaci\u00f3n con el Gobierno del Movimiento Al Socialismo (MAS) y por su participaci\u00f3n en la implementaci\u00f3n del sistema Mi Telef\u00e9rico. \u201c\u00bfEs confiable una persona como t\u00fa que niegas a tu compadre Evo Morales que te dio fama y fortuna? \u00bfPor qu\u00e9 niegas a tu compadre Evo Morales?\u201d, cuestion\u00f3 Iv\u00e1n Arias, candidato de Suma por el Bien Com\u00fan (SPBC).<\/p>\n\n\n\n<p>Dockweiler evit\u00f3 responder directamente a las preguntas y afirm\u00f3 que el debate deb\u00eda centrarse en propuestas. \u201cEste debate es para propuestas. As\u00ed que yo me voy a circunscribir en las propuestas\u201d, se\u00f1al\u00f3.<\/p>\n\n\n\n<p>Otros candidatos tambi\u00e9n cuestionaron su participaci\u00f3n en el proyecto de transporte por cable. Miguel Roca afirm\u00f3 que algunos sectores enfrentaban conflictos pol\u00edticos mientras Dockweiler ocupaba cargos en el Gobierno. \u201cMientras algunos est\u00e1bamos en la calle tragando gas por la represi\u00f3n del gobierno del MAS, t\u00fa eras un alto jer\u00e1rquico de ese gobierno firmando cheques para el telef\u00e9rico. \u00bfPor qu\u00e9 te apropias de algo que no es tuyo?\u201d.<\/p>\n\n\n\n<p>Ante los cuestionamientos, Dockweiler sostuvo que el proyecto del telef\u00e9rico surgi\u00f3 por una necesidad de transporte urbano y afirm\u00f3 que present\u00f3 una propuesta para su desarrollo.<\/p>\n\n\n\n<p>Durante el mismo bloque del debate, Iv\u00e1n Arias tambi\u00e9n recibi\u00f3 cr\u00edticas de otros candidatos, quienes cuestionaron aspectos de su gesti\u00f3n como alcalde de La Paz.<\/p>\n\n\n\n<p>El candidato Ra\u00fal Daza se\u00f1al\u00f3 que varias obras municipales se inauguraron en los \u00faltimos meses de la administraci\u00f3n. \u201cSon obras que se est\u00e1n inaugurando en los \u00faltimos meses. \u00bfPor qu\u00e9 cuatro o cinco a\u00f1os no se hizo nada?\u201d, pregunt\u00f3, a lo que Arias respondi\u00f3 que las obras se retrasaron por la crisis del d\u00f3lar, la escasez de di\u00e9sel y las lluvias registradas durante su gesti\u00f3n.<\/p>\n\n\n\n<p>Por su parte, Xavier Iturralde cuestion\u00f3 el desempe\u00f1o del alcalde durante el debate. \u201c\u00bfEst\u00e1s de acuerdo con todos nosotros que estamos ac\u00e1 que eres el peor alcalde de la historia de la ciudad de La Paz?\u201d.<\/p>\n\n\n\n<p>Arias defendi\u00f3 su administraci\u00f3n y sostuvo que su gesti\u00f3n ejecut\u00f3 m\u00faltiples proyectos urbanos. \u201cDigan lo que digan, es con el negro. Por la cantidad de obras que hemos hecho y por los barrios de mil colores que hemos construido\u201d.<\/p>\n\n\n\n<p>\ud83d\udce2 Go Communication<br>\u00danete al grupo oficial de WhatsApp y Telegram\ud83d\udcf1 a trav\u00e9s de los siguientes enlaces: \ud83d\udd17\ud83d\udc47<br>\u27a1\ufe0f WhatsApp:\u00a0<a href=\"https:\/\/whatsapp.com\/channel\/0029Va7C0epA2pL4r3PiKa1F\" target=\"_blank\" rel=\"noreferrer noopener\">https:\/\/whatsapp.com\/channel\/0029Va7C0epA2pL4r3PiKa1F<\/a><br>\u27a1\ufe0f Telegram:\u00a0<a href=\"https:\/\/t.me\/GoCommunicationBolivia\">https:\/\/t.me\/GoCommunicationBolivia<\/a><\/p>\n","protected":false},"excerpt":{"rendered":"<p>Iv\u00e1n Arias y C\u00e9sar Dockweiler recibieron cuestionamientos de candidatos durante el debate a la Alcald\u00eda de La Paz<\/p>\n","protected":false},"author":3,"featured_media":1405,"comment_status":"closed","ping_status":"closed","sticky":false,"template":"","format":"standard","meta":{"_monsterinsights_skip_tracking":false,"_monsterinsights_sitenote_active":false,"_monsterinsights_sitenote_note":"","_monsterinsights_sitenote_category":0,"footnotes":""},"categories":[6],"tags":[536,726,687,725,180,104],"class_list":["post-1404","post","type-post","status-publish","format-standard","has-post-thumbnail","hentry","category-politica","tag-alcaldia","tag-cesar-dockweiler","tag-debate","tag-debate-alcaldes-la-paz","tag-ivan-arias","tag-la-paz"],"_links":{"self":[{"href":"https:\/\/gocommunicationbol.com\/index.php?rest_route=\/wp\/v2\/posts\/1404","targetHints":{"allow":["GET"]}}],"collection":[{"href":"https:\/\/gocommunicationbol.com\/index.php?rest_route=\/wp\/v2\/posts"}],"about":[{"href":"https:\/\/gocommunicationbol.com\/index.php?rest_route=\/wp\/v2\/types\/post"}],"author":[{"embeddable":true,"href":"https:\/\/gocommunicationbol.com\/index.php?rest_route=\/wp\/v2\/users\/3"}],"replies":[{"embeddable":true,"href":"https:\/\/gocommunicationbol.com\/index.php?rest_route=%2Fwp%2Fv2%2Fcomments&post=1404"}],"version-history":[{"count":1,"href":"https:\/\/gocommunicationbol.com\/index.php?rest_route=\/wp\/v2\/posts\/1404\/revisions"}],"predecessor-version":[{"id":1406,"href":"https:\/\/gocommunicationbol.com\/index.php?rest_route=\/wp\/v2\/posts\/1404\/revisions\/1406"}],"wp:featuredmedia":[{"embeddable":true,"href":"https:\/\/gocommunicationbol.com\/index.php?rest_route=\/wp\/v2\/media\/1405"}],"wp:attachment":[{"href":"https:\/\/gocommunicationbol.com\/index.php?rest_route=%2Fwp%2Fv2%2Fmedia&parent=1404"}],"wp:term":[{"taxonomy":"category","embeddable":true,"href":"https:\/\/gocommunicationbol.com\/index.php?rest_route=%2Fwp%2Fv2%2Fcategories&post=1404"},{"taxonomy":"post_tag","embeddable":true,"href":"https:\/\/gocommunicationbol.com\/index.php?rest_route=%2Fwp%2Fv2%2Ftags&post=1404"}],"curies":[{"name":"wp","href":"https:\/\/api.w.org\/{rel}","templated":true}]}}