{"id":1401,"date":"2026-03-16T14:12:04","date_gmt":"2026-03-16T14:12:04","guid":{"rendered":"https:\/\/gocommunicationbol.com\/?p=1401"},"modified":"2026-03-16T14:12:08","modified_gmt":"2026-03-16T14:12:08","slug":"evo-denuncia-que-intentan-vincularlo-con-marset","status":"publish","type":"post","link":"https:\/\/gocommunicationbol.com\/?p=1401","title":{"rendered":"Evo denuncia que intentan vincularlo con Marset"},"content":{"rendered":"\n<p><em>Evo Morales afirm\u00f3 que recibi\u00f3 informaci\u00f3n sobre un presunto intento del Gobierno de relacionarlo con el narcotraficante Sebasti\u00e1n Marset.<\/em><\/p>\n\n\n\n<p><strong>Cochabamba, 16 de marzo de 2026<\/strong>.<strong> &#8211;<\/strong> A trav\u00e9s de una publicaci\u00f3n en redes sociales el expresidente Evo Morales denunci\u00f3 que recibi\u00f3 informaci\u00f3n de que el Gobierno intenta vincularlo con el narcotraficante Sebasti\u00e1n Marset mediante la supuesta construcci\u00f3n de \u201cfalsos casos\u201d, tras la reciente captura del ciudadano uruguayo en Bolivia  \u201cNos informan que usando a algunos jefes policiales, el gobierno de Rodrigo Paz pretende vincularme, tambi\u00e9n a otros dirigentes con Marset \u2014montando falsos casos\u2014 solo con el fin de encubrir a los verdaderos protectores de ese narcotraficante\u201d.<\/p>\n\n\n\n<p>Morales tambi\u00e9n cuestion\u00f3 c\u00f3mo Sebasti\u00e1n Marset habr\u00eda operado durante un largo periodo en el pa\u00eds con recursos y log\u00edstica, sin que las autoridades detectaran sus actividades. \u201cTodo el mundo se cuestiona por qu\u00e9 dejaron a Marset ejecutar su plan criminal con m\u00e1s de 15 avionetas, armas de fuego, veh\u00edculos blindados, casas y haciendas, llevando adem\u00e1s una intensa vida social lujosa en barrios en los que viven varias autoridades y personalidades\u201d.<\/p>\n\n\n\n<p>El exmandatario plante\u00f3 adem\u00e1s interrogantes sobre el conocimiento que habr\u00edan tenido autoridades nacionales y departamentales sobre las actividades del narcotraficante, particularmente en el departamento de Santa Cruz. \u201c\u00bfNo escuchaban nada de \u00e9l? \u00bfNo se enteraban siquiera de rumores? \u00bfNo les llamaba la atenci\u00f3n sus millonarios movimientos econ\u00f3micos y su vida ostentosa p\u00fablica y privada? \u00bfPor qu\u00e9 negaron que Marset estaba en Santa Cruz cuando el gobierno de Paraguay lo denunci\u00f3 varias veces?\u201d.<\/p>\n\n\n\n<p>Las declaraciones de Morales se produjeron tras la reciente captura de Sebasti\u00e1n Marset en Bolivia, hecho que gener\u00f3 reacciones y cuestionamientos desde distintos sectores pol\u00edticos sobre las operaciones del narcotraficante en el pa\u00eds.<\/p>\n\n\n\n<p>\ud83d\udce2 Go Communication<br>\u00danete al grupo oficial de WhatsApp y Telegram\ud83d\udcf1 a trav\u00e9s de los siguientes enlaces: \ud83d\udd17\ud83d\udc47<br>\u27a1\ufe0f WhatsApp:\u00a0<a href=\"https:\/\/whatsapp.com\/channel\/0029Va7C0epA2pL4r3PiKa1F\" target=\"_blank\" rel=\"noreferrer noopener\">https:\/\/whatsapp.com\/channel\/0029Va7C0epA2pL4r3PiKa1F<\/a><br>\u27a1\ufe0f Telegram:\u00a0<a href=\"https:\/\/t.me\/GoCommunicationBolivia\">https:\/\/t.me\/GoCommunicationBolivia<\/a><\/p>\n","protected":false},"excerpt":{"rendered":"<p>Evo Morales afirm\u00f3 que recibi\u00f3 informaci\u00f3n sobre un presunto intento del Gobierno de relacionarlo con el narcotraficante Sebasti\u00e1n<\/p>\n","protected":false},"author":3,"featured_media":1402,"comment_status":"closed","ping_status":"closed","sticky":false,"template":"","format":"standard","meta":{"_monsterinsights_skip_tracking":false,"_monsterinsights_sitenote_active":false,"_monsterinsights_sitenote_note":"","_monsterinsights_sitenote_category":0,"footnotes":""},"categories":[6],"tags":[607,100,559,241],"class_list":["post-1401","post","type-post","status-publish","format-standard","has-post-thumbnail","hentry","category-politica","tag-evo","tag-evo-morales","tag-narcotrafico","tag-sebastian-marset"],"_links":{"self":[{"href":"https:\/\/gocommunicationbol.com\/index.php?rest_route=\/wp\/v2\/posts\/1401","targetHints":{"allow":["GET"]}}],"collection":[{"href":"https:\/\/gocommunicationbol.com\/index.php?rest_route=\/wp\/v2\/posts"}],"about":[{"href":"https:\/\/gocommunicationbol.com\/index.php?rest_route=\/wp\/v2\/types\/post"}],"author":[{"embeddable":true,"href":"https:\/\/gocommunicationbol.com\/index.php?rest_route=\/wp\/v2\/users\/3"}],"replies":[{"embeddable":true,"href":"https:\/\/gocommunicationbol.com\/index.php?rest_route=%2Fwp%2Fv2%2Fcomments&post=1401"}],"version-history":[{"count":1,"href":"https:\/\/gocommunicationbol.com\/index.php?rest_route=\/wp\/v2\/posts\/1401\/revisions"}],"predecessor-version":[{"id":1403,"href":"https:\/\/gocommunicationbol.com\/index.php?rest_route=\/wp\/v2\/posts\/1401\/revisions\/1403"}],"wp:featuredmedia":[{"embeddable":true,"href":"https:\/\/gocommunicationbol.com\/index.php?rest_route=\/wp\/v2\/media\/1402"}],"wp:attachment":[{"href":"https:\/\/gocommunicationbol.com\/index.php?rest_route=%2Fwp%2Fv2%2Fmedia&parent=1401"}],"wp:term":[{"taxonomy":"category","embeddable":true,"href":"https:\/\/gocommunicationbol.com\/index.php?rest_route=%2Fwp%2Fv2%2Fcategories&post=1401"},{"taxonomy":"post_tag","embeddable":true,"href":"https:\/\/gocommunicationbol.com\/index.php?rest_route=%2Fwp%2Fv2%2Ftags&post=1401"}],"curies":[{"name":"wp","href":"https:\/\/api.w.org\/{rel}","templated":true}]}}