{"id":1395,"date":"2026-03-16T13:40:50","date_gmt":"2026-03-16T13:40:50","guid":{"rendered":"https:\/\/gocommunicationbol.com\/?p=1395"},"modified":"2026-03-16T13:40:54","modified_gmt":"2026-03-16T13:40:54","slug":"era-la-mano-de-dios-que-me-protegio-sobreviviente-del-accidente-aereo-relata-su-experiencia","status":"publish","type":"post","link":"https:\/\/gocommunicationbol.com\/?p=1395","title":{"rendered":"\u201dEra la mano de Dios que me protegi\u00f3\u201d: sobreviviente del accidente a\u00e9reo relata su experiencia"},"content":{"rendered":"\n<p><em>Lourdes Lazo sobrevivi\u00f3 al accidente a\u00e9reo del 27 de febrero en El Alto, donde murieron 23 personas, tras el impacto de un avi\u00f3n H\u00e9rcules C130.<\/em><\/p>\n\n\n\n<p><strong>El Alto, 16 de marzo de 2026. &#8211;<\/strong> Lourdes Lazo Murga, de 33 a\u00f1os, sobrevivi\u00f3 al accidente a\u00e9reo ocurrido el 27 de febrero en la ciudad de El Alto, cuando un avi\u00f3n H\u00e9rcules C130 se estrell\u00f3 contra un minib\u00fas en el que viajaba junto a varios integrantes de su familia. El hecho dej\u00f3 23 personas fallecidas y 37 heridas, seg\u00fan reportes oficiales. Siete de las v\u00edctimas eran familiares de Lazo, quienes regresaban a casa despu\u00e9s de asistir a una jornada de oraci\u00f3n en una iglesia cristiana de la zona Los Andes.<\/p>\n\n\n\n<p>Instantes antes del impacto, Lazo record\u00f3 haber pensado: \u201cPor favor, mi mam\u00e1 a\u00fan no est\u00e1 lista\u201d. Segundos despu\u00e9s, parte de la aeronave impact\u00f3 contra el veh\u00edculo que conduc\u00eda su padre, Julio Lazo Mamani, de 56 a\u00f1os. Tras el choque, despert\u00f3 entre los escombros del minib\u00fas y logr\u00f3 salir pese a las heridas. En su relato a familiares, record\u00f3 que tom\u00f3 entre sus brazos a Rub\u00e9n Marcelo P\u00e9rez Murga, su sobrino de 12 a\u00f1os, quien tambi\u00e9n result\u00f3 herido. \u201cEn ese momento cerr\u00e9 los ojos y sent\u00ed como si una mano grande me tomara en el aire. Era la mano de Dios que me protegi\u00f3\u201d, relat\u00f3 Lazo a sus allegados tras recuperarse parcialmente en el hospital.<\/p>\n\n\n\n<h3 class=\"wp-block-heading\">El accidente a\u00e9reo en El Alto<\/h3>\n\n\n\n<p>De acuerdo con los datos oficiales, solo una de las 23 v\u00edctimas fatales pertenec\u00eda a la tripulaci\u00f3n del avi\u00f3n con matr\u00edcula FAB-81, que operaba para la empresa Transportes A\u00e9reos Bolivianos (TAB). La aeronave se estrell\u00f3 alrededor de las 18:15 en inmediaciones de la avenida Costanera del barrio Municipal Illimani, ubicado detr\u00e1s del Aeropuerto Internacional de El Alto, y transportaba 17 toneladas de billetes en cortes de 10, 20 y 50 bolivianos, que deb\u00edan ser entregados al Banco Central de Bolivia. Parte del cargamento se quem\u00f3 y otra parte fue sustra\u00edda tras el accidente.<\/p>\n\n\n\n<p>Las autoridades informaron que los fallecidos y heridos eran en su mayor\u00eda transe\u00fantes y ocupantes de al menos 15 veh\u00edculos que circulaban por la zona en el momento del impacto. El Gobierno y la Fiscal\u00eda abrieron al menos cinco investigaciones para determinar las causas del accidente. La principal est\u00e1 a cargo de una junta militar que analizar\u00e1 los datos de las cajas negras, cuyo informe podr\u00eda presentarse en un plazo de seis meses.<\/p>\n\n\n\n<h3 class=\"wp-block-heading\">Sobrevivientes entre los escombros<\/h3>\n\n\n\n<p>Entre los sobrevivientes se encuentran Lourdes Lazo, su madre Adela Murga Quispe, de 53 a\u00f1os, y su sobrino Rub\u00e9n, quienes viajaban en el mismo minib\u00fas junto a otros familiares.<\/p>\n\n\n\n<p>Tras el impacto, Adela Murga logr\u00f3 comunicarse con uno de sus hijos minutos despu\u00e9s del accidente. Seg\u00fan el registro de llamadas, intent\u00f3 contactarlo a las 18:19 y posteriormente envi\u00f3 un mensaje de voz a las 18:47. \u201cHijo, hijo\u2026 nos hemos accidentado\u201d, se escuch\u00f3 en el mensaje, acompa\u00f1ado por gritos y el sonido de ambulancias en el lugar.<\/p>\n\n\n\n<p>Los familiares indicaron que localizaron a Adela y Lourdes entre los heridos en el Hospital Corea, mientras continuaban la b\u00fasqueda de los dem\u00e1s integrantes del grupo.<\/p>\n\n\n\n<h3 class=\"wp-block-heading\">El rescate en medio del caos<\/h3>\n\n\n\n<p>En su testimonio, Lourdes relat\u00f3 que intent\u00f3 pedir ayuda tras salir del veh\u00edculo, mientras sosten\u00eda a su sobrino herido. Seg\u00fan su hermano, la mujer record\u00f3 que varias personas corr\u00edan hacia el avi\u00f3n accidentado y no comprend\u00eda por qu\u00e9 nadie acud\u00eda en su auxilio.<\/p>\n\n\n\n<p>En medio de la emergencia, un hombre intervino para detener una ambulancia que pasaba por la zona. De acuerdo con el testimonio de la sobreviviente, el desconocido oblig\u00f3 a los param\u00e9dicos a detenerse y prestar asistencia. \u201cElla dice que ese se\u00f1or amenaz\u00f3 al chofer y oblig\u00f3 a bajar a los param\u00e9dicos. En ese momento reci\u00e9n auxiliaron a Rub\u00e9n\u201d, relat\u00f3 su hermano.<\/p>\n\n\n\n<h3 class=\"wp-block-heading\">Recuperaci\u00f3n y duelo<\/h3>\n\n\n\n<p>Lourdes y su madre sufrieron m\u00faltiples heridas y cortes profundos provocados por fragmentos met\u00e1licos tras el impacto del avi\u00f3n. Los m\u00e9dicos realizaron decenas de suturas para cerrar las lesiones. Ambas mujeres recibieron el alta m\u00e9dica la semana pasada y contin\u00faan su recuperaci\u00f3n en su domicilio.<\/p>\n\n\n\n<p>La familia inform\u00f3 que las sobrevivientes planean compartir su testimonio en su congregaci\u00f3n religiosa, donde participaron en una jornada de oraci\u00f3n el d\u00eda del accidente. Mientras tanto, los familiares indicaron que las noches contin\u00faan marcadas por recuerdos del momento del impacto, en el que el accidente a\u00e9reo provoc\u00f3 la p\u00e9rdida de varios miembros de la familia.<\/p>\n\n\n\n<p>\ud83d\udce2 Go Communication<br>\u00danete al grupo oficial de WhatsApp y Telegram\ud83d\udcf1 a trav\u00e9s de los siguientes enlaces: \ud83d\udd17\ud83d\udc47<br>\u27a1\ufe0f WhatsApp:\u00a0<a href=\"https:\/\/whatsapp.com\/channel\/0029Va7C0epA2pL4r3PiKa1F\" target=\"_blank\" rel=\"noreferrer noopener\">https:\/\/whatsapp.com\/channel\/0029Va7C0epA2pL4r3PiKa1F<\/a><br>\u27a1\ufe0f Telegram:\u00a0<a href=\"https:\/\/t.me\/GoCommunicationBolivia\">https:\/\/t.me\/GoCommunicationBolivia<\/a><\/p>\n","protected":false},"excerpt":{"rendered":"<p>Lourdes Lazo sobrevivi\u00f3 al accidente a\u00e9reo del 27 de febrero en El Alto, donde murieron 23 personas, tras<\/p>\n","protected":false},"author":3,"featured_media":1399,"comment_status":"closed","ping_status":"closed","sticky":false,"template":"","format":"standard","meta":{"_monsterinsights_skip_tracking":false,"_monsterinsights_sitenote_active":false,"_monsterinsights_sitenote_note":"","_monsterinsights_sitenote_category":0,"footnotes":""},"categories":[7],"tags":[555,147,724],"class_list":["post-1395","post","type-post","status-publish","format-standard","has-post-thumbnail","hentry","category-sociedad","tag-accidente-aereo","tag-el-alto","tag-sobreviviente"],"_links":{"self":[{"href":"https:\/\/gocommunicationbol.com\/index.php?rest_route=\/wp\/v2\/posts\/1395","targetHints":{"allow":["GET"]}}],"collection":[{"href":"https:\/\/gocommunicationbol.com\/index.php?rest_route=\/wp\/v2\/posts"}],"about":[{"href":"https:\/\/gocommunicationbol.com\/index.php?rest_route=\/wp\/v2\/types\/post"}],"author":[{"embeddable":true,"href":"https:\/\/gocommunicationbol.com\/index.php?rest_route=\/wp\/v2\/users\/3"}],"replies":[{"embeddable":true,"href":"https:\/\/gocommunicationbol.com\/index.php?rest_route=%2Fwp%2Fv2%2Fcomments&post=1395"}],"version-history":[{"count":1,"href":"https:\/\/gocommunicationbol.com\/index.php?rest_route=\/wp\/v2\/posts\/1395\/revisions"}],"predecessor-version":[{"id":1400,"href":"https:\/\/gocommunicationbol.com\/index.php?rest_route=\/wp\/v2\/posts\/1395\/revisions\/1400"}],"wp:featuredmedia":[{"embeddable":true,"href":"https:\/\/gocommunicationbol.com\/index.php?rest_route=\/wp\/v2\/media\/1399"}],"wp:attachment":[{"href":"https:\/\/gocommunicationbol.com\/index.php?rest_route=%2Fwp%2Fv2%2Fmedia&parent=1395"}],"wp:term":[{"taxonomy":"category","embeddable":true,"href":"https:\/\/gocommunicationbol.com\/index.php?rest_route=%2Fwp%2Fv2%2Fcategories&post=1395"},{"taxonomy":"post_tag","embeddable":true,"href":"https:\/\/gocommunicationbol.com\/index.php?rest_route=%2Fwp%2Fv2%2Ftags&post=1395"}],"curies":[{"name":"wp","href":"https:\/\/api.w.org\/{rel}","templated":true}]}}