{"id":1376,"date":"2026-03-14T20:06:19","date_gmt":"2026-03-14T20:06:19","guid":{"rendered":"https:\/\/gocommunicationbol.com\/?p=1376"},"modified":"2026-03-14T21:50:19","modified_gmt":"2026-03-14T21:50:19","slug":"eeuu-destaca-captura-de-sebastian-marset-como-primer-resultado-del-escudo-de-las-americas","status":"publish","type":"post","link":"https:\/\/gocommunicationbol.com\/?p=1376","title":{"rendered":"EEUU destaca captura de Sebasti\u00e1n Marset como primer resultado del \u201cEscudo de las Am\u00e9ricas\u201d"},"content":{"rendered":"\n<p><em>Autoridades internacionales consideran la detenci\u00f3n como un golpe al crimen organizado en la regi\u00f3n<\/em><\/p>\n\n\n\n<p><strong>Santa Cruz, 14 de marzo de 2026.<\/strong> \u2014 La captura del narcotraficante uruguayo <strong>Sebasti\u00e1n Marset<\/strong> en la ciudad de <strong>Santa Cruz de la Sierra<\/strong> fue destacada por autoridades de <strong>Estados Unidos<\/strong> como el primer gran resultado de la iniciativa regional denominada <strong>Escudo de las Am\u00e9ricas<\/strong>, orientada a fortalecer la cooperaci\u00f3n internacional contra el crimen organizado.<\/p>\n\n\n\n<p>Tras su aprehensi\u00f3n, el <strong>Departamento de Estado de los Estados Unidos<\/strong> se\u00f1al\u00f3 que la detenci\u00f3n marca el fin de la trayectoria criminal del narcotraficante y resalt\u00f3 el trabajo coordinado entre varios pa\u00edses de la regi\u00f3n.<\/p>\n\n\n\n<p>\u201cEl reinado de terror y caos de Sebasti\u00e1n Marset ha terminado. Gracias al liderazgo del presidente <strong>Rodrigo Paz Pereira<\/strong> y al fortalecimiento de la cooperaci\u00f3n policial entre Estados Unidos y Bolivia, el notorio narcotraficante enfrentar\u00e1 a la justicia\u201d, se\u00f1ala el reporte difundido por la instituci\u00f3n estadounidense.<\/p>\n\n\n\n<p>La valoraci\u00f3n fue respaldada por autoridades de <strong>Paraguay<\/strong> y <strong>Uruguay<\/strong>, pa\u00edses que tambi\u00e9n investigaban las actividades del capo vinculado a redes internacionales de narcotr\u00e1fico.<\/p>\n\n\n\n<figure class=\"wp-block-embed is-type-video is-provider-tiktok wp-block-embed-tiktok\"><div class=\"wp-block-embed__wrapper\">\n<blockquote class=\"tiktok-embed\" cite=\"https:\/\/www.tiktok.com\/@gocommunicationbo\/video\/7617228830138256660\" data-video-id=\"7617228830138256660\" data-embed-from=\"oembed\" style=\"max-width:605px; min-width:325px;\"> <section> <a target=\"_blank\" title=\"@gocommunicationbo\" href=\"https:\/\/www.tiktok.com\/@gocommunicationbo?refer=embed\" rel=\"noopener\">@gocommunicationbo<\/a> <p>\ud83d\ude94Veh\u00edculos blindados, avionetas y 4rm4s de fuego fueron secuestrados en operativos en viviendas vinculadas a Sebasti\u00e1n Marset \u2696\ufe0f\ud83d\udcc4 <a title=\"bolivia\" target=\"_blank\" href=\"https:\/\/www.tiktok.com\/tag\/bolivia?refer=embed\" rel=\"noopener\">#bolivia<\/a> <a title=\"sebastianmarset\" target=\"_blank\" href=\"https:\/\/www.tiktok.com\/tag\/sebastianmarset?refer=embed\" rel=\"noopener\">#sebastianmarset<\/a> <a title=\"dea\" target=\"_blank\" href=\"https:\/\/www.tiktok.com\/tag\/dea?refer=embed\" rel=\"noopener\">#DEA<\/a> <a title=\"santacruz\" target=\"_blank\" href=\"https:\/\/www.tiktok.com\/tag\/santacruz?refer=embed\" rel=\"noopener\">#santacruz<\/a> <a title=\"polic\u00edaboliviana\" target=\"_blank\" href=\"https:\/\/www.tiktok.com\/tag\/polic%C3%ADaboliviana?refer=embed\" rel=\"noopener\">#polic\u00edaboliviana<\/a><\/p> <a target=\"_blank\" title=\"\u266c sonido original - Go Communication Bolivia - Go Communication Bolivia\" href=\"https:\/\/www.tiktok.com\/music\/sonido-original-Go-Communication-Bolivia-7617228941425724180?refer=embed\" rel=\"noopener\">\u266c sonido original &#8211; Go Communication Bolivia &#8211; Go Communication Bolivia<\/a> <\/section> <\/blockquote> <script async src=\"https:\/\/www.tiktok.com\/embed.js\"><\/script>\n<\/div><\/figure>\n\n\n\n<p>Por su parte, el congresista republicano <strong>Mario D\u00edaz-Balart<\/strong> afirm\u00f3 que el operativo demuestra la efectividad de los mecanismos de cooperaci\u00f3n internacional para combatir la delincuencia transnacional.<\/p>\n\n\n\n<p>Desde Bolivia, el denominado zar antidrogas <strong>Ernesto Justiniano<\/strong> advirti\u00f3 que la captura de Marset no significa el desmantelamiento total de su estructura criminal. Seg\u00fan indic\u00f3, las investigaciones continuar\u00e1n con el objetivo de identificar y detener a otros integrantes de la organizaci\u00f3n que operaba en la regi\u00f3n.<\/p>\n\n\n\n<p>\ud83d\udce2 Go Communication<br>\u00danete al grupo oficial de WhatsApp y Telegram\ud83d\udcf1 a trav\u00e9s de los siguientes enlaces: \ud83d\udd17\ud83d\udc47<br>\u27a1\ufe0f WhatsApp:&nbsp;<a href=\"https:\/\/whatsapp.com\/channel\/0029Va7C0epA2pL4r3PiKa1F\" target=\"_blank\" rel=\"noreferrer noopener\">https:\/\/whatsapp.com\/channel\/0029Va7C0epA2pL4r3PiKa1F<\/a><br>\u27a1\ufe0f Telegram:&nbsp;<a href=\"https:\/\/t.me\/GoCommunicationBolivia\">https:\/\/t.me\/GoCommunicationBolivia<\/a><\/p>\n","protected":false},"excerpt":{"rendered":"<p>Autoridades internacionales consideran la detenci\u00f3n como un golpe al crimen organizado en la regi\u00f3n<\/p>\n","protected":false},"author":2,"featured_media":1377,"comment_status":"closed","ping_status":"closed","sticky":false,"template":"","format":"standard","meta":{"_monsterinsights_skip_tracking":false,"_monsterinsights_sitenote_active":false,"_monsterinsights_sitenote_note":"","_monsterinsights_sitenote_category":0,"footnotes":""},"categories":[6,9,7],"tags":[101,716,53,26,241],"class_list":["post-1376","post","type-post","status-publish","format-standard","has-post-thumbnail","hentry","category-politica","category-internacional","category-sociedad","tag-dea","tag-escudo-de-las-americas","tag-estados-unidos","tag-rodrigo-paz","tag-sebastian-marset"],"_links":{"self":[{"href":"https:\/\/gocommunicationbol.com\/index.php?rest_route=\/wp\/v2\/posts\/1376","targetHints":{"allow":["GET"]}}],"collection":[{"href":"https:\/\/gocommunicationbol.com\/index.php?rest_route=\/wp\/v2\/posts"}],"about":[{"href":"https:\/\/gocommunicationbol.com\/index.php?rest_route=\/wp\/v2\/types\/post"}],"author":[{"embeddable":true,"href":"https:\/\/gocommunicationbol.com\/index.php?rest_route=\/wp\/v2\/users\/2"}],"replies":[{"embeddable":true,"href":"https:\/\/gocommunicationbol.com\/index.php?rest_route=%2Fwp%2Fv2%2Fcomments&post=1376"}],"version-history":[{"count":2,"href":"https:\/\/gocommunicationbol.com\/index.php?rest_route=\/wp\/v2\/posts\/1376\/revisions"}],"predecessor-version":[{"id":1387,"href":"https:\/\/gocommunicationbol.com\/index.php?rest_route=\/wp\/v2\/posts\/1376\/revisions\/1387"}],"wp:featuredmedia":[{"embeddable":true,"href":"https:\/\/gocommunicationbol.com\/index.php?rest_route=\/wp\/v2\/media\/1377"}],"wp:attachment":[{"href":"https:\/\/gocommunicationbol.com\/index.php?rest_route=%2Fwp%2Fv2%2Fmedia&parent=1376"}],"wp:term":[{"taxonomy":"category","embeddable":true,"href":"https:\/\/gocommunicationbol.com\/index.php?rest_route=%2Fwp%2Fv2%2Fcategories&post=1376"},{"taxonomy":"post_tag","embeddable":true,"href":"https:\/\/gocommunicationbol.com\/index.php?rest_route=%2Fwp%2Fv2%2Ftags&post=1376"}],"curies":[{"name":"wp","href":"https:\/\/api.w.org\/{rel}","templated":true}]}}