{"id":1367,"date":"2026-03-13T15:11:05","date_gmt":"2026-03-13T15:11:05","guid":{"rendered":"https:\/\/gocommunicationbol.com\/?p=1367"},"modified":"2026-03-13T15:11:08","modified_gmt":"2026-03-13T15:11:08","slug":"se-los-dije-lara-asegura-que-ya-habia-advertido-presencia-de-marset-en-bolivia","status":"publish","type":"post","link":"https:\/\/gocommunicationbol.com\/?p=1367","title":{"rendered":"\u201cSe los dije\u201c: Lara asegura que ya hab\u00eda advertido presencia de Marset en Bolivia"},"content":{"rendered":"\n<p><em>La autoridad sostuvo que alert\u00f3 previamente sobre el paradero del narcotraficante en Santa Cruz y pidi\u00f3 investigar posibles v\u00ednculos dentro de la Polic\u00eda.<\/em><\/p>\n\n\n\n<p><strong>La Paz, 13 de marzo de 2026. &#8211;<\/strong> El vicepresidente Edmand Lara afirm\u00f3 que ya hab\u00eda advertido anteriormente sobre la presencia del narcotraficante uruguayo Sebasti\u00e1n Marset en Bolivia, antes de su reciente captura en Santa Cruz de la Sierra.<\/p>\n\n\n\n<p>Seg\u00fan Lara, la informaci\u00f3n sobre el paradero del presunto l\u00edder narcotraficante hab\u00eda sido difundida incluso en redes sociales, y asegur\u00f3 que pidi\u00f3 a las autoridades policiales que realicen operativos para su captura. \u201cEs de conocimiento p\u00fablico, revisen las redes sociales. Yo advert\u00ed en primera instancia que Marset estaba en Santa Cruz. Ped\u00ed a la Polic\u00eda que haga operativos y no les interes\u00f3. (&#8230;) Se los dije y les dije que lo capturen\u201d.<\/p>\n\n\n\n<p>La autoridad tambi\u00e9n sostuvo que el narcotraficante nunca habr\u00eda salido del pa\u00eds y que se encontraba en zonas residenciales de la capital cruce\u00f1a. \u201cMarset nunca se fue de Bolivia. Estaba tranquilo en una zona residencial muy lujosa de Las Palmas, cerca del Urub\u00f3\u201d.<\/p>\n\n\n\n<p>En sus declaraciones, Lara se\u00f1al\u00f3 que la captura demuestra debilidades en el control del narcotr\u00e1fico en el pa\u00eds y cuestion\u00f3 el trabajo de la Fuerza Especial de Lucha Contra el Narcotr\u00e1fico (FELCN). \u201cEsto demuestra que Bolivia se ha convertido en refugio de narcotraficantes. Aqu\u00ed no hay control y no hay un trabajo eficiente\u201d, sostuvo.<\/p>\n\n\n\n<p>El vicepresidente tambi\u00e9n afirm\u00f3 que habr\u00eda advertido sobre la presencia de Marset a autoridades del Gobierno durante reuniones previas relacionadas con la reforma de la Polic\u00eda. En ese contexto, mencion\u00f3 que proporcion\u00f3 informaci\u00f3n sobre un presunto lugar donde se ocultaba el narcotraficante, en un condominio del Urub\u00f3, y pidi\u00f3 investigar posibles v\u00ednculos dentro de la instituci\u00f3n policial.<\/p>\n\n\n\n<p>Entre sus acusaciones, Lara se\u00f1al\u00f3 al capit\u00e1n Rub\u00e9n Aparicio Villarroel como presunto nexo entre Marset y sectores policiales, y pidi\u00f3 que se investigue su patrimonio. Asimismo, mencion\u00f3 al exjefe policial Jhonny Aguilera en el contexto de investigaciones relacionadas con el narcotraficante, aunque no present\u00f3 pruebas sobre estas afirmaciones.<\/p>\n\n\n\n<p>El vicepresidente asegur\u00f3 que impulsar\u00e1 investigaciones para determinar si existieron funcionarios policiales que brindaron protecci\u00f3n al narcotraficante, tras su captura en Santa Cruz. \u201cEsto no se tiene que quedar as\u00ed. Vamos a investigar a todos los polic\u00edas que le han dado protecci\u00f3n a Marset\u201d, concluy\u00f3.<\/p>\n\n\n\n<p>\ud83d\udce2 Go Communication<br>\u00danete al grupo oficial de WhatsApp y Telegram\ud83d\udcf1 a trav\u00e9s de los siguientes enlaces: \ud83d\udd17\ud83d\udc47<br>\u27a1\ufe0f WhatsApp:\u00a0<a href=\"https:\/\/whatsapp.com\/channel\/0029Va7C0epA2pL4r3PiKa1F\" target=\"_blank\" rel=\"noreferrer noopener\">https:\/\/whatsapp.com\/channel\/0029Va7C0epA2pL4r3PiKa1F<\/a><br>\u27a1\ufe0f Telegram:\u00a0<a href=\"https:\/\/t.me\/GoCommunicationBolivia\">https:\/\/t.me\/GoCommunicationBolivia<\/a><\/p>\n","protected":false},"excerpt":{"rendered":"<p>La autoridad sostuvo que alert\u00f3 previamente sobre el paradero del narcotraficante en Santa Cruz y pidi\u00f3 investigar posibles<\/p>\n","protected":false},"author":3,"featured_media":1368,"comment_status":"closed","ping_status":"closed","sticky":false,"template":"","format":"standard","meta":{"_monsterinsights_skip_tracking":false,"_monsterinsights_sitenote_active":false,"_monsterinsights_sitenote_note":"","_monsterinsights_sitenote_category":0,"footnotes":""},"categories":[6],"tags":[25,528,713,527],"class_list":["post-1367","post","type-post","status-publish","format-standard","has-post-thumbnail","hentry","category-politica","tag-edmand-lara","tag-lara","tag-marset","tag-vicepresidente"],"_links":{"self":[{"href":"https:\/\/gocommunicationbol.com\/index.php?rest_route=\/wp\/v2\/posts\/1367","targetHints":{"allow":["GET"]}}],"collection":[{"href":"https:\/\/gocommunicationbol.com\/index.php?rest_route=\/wp\/v2\/posts"}],"about":[{"href":"https:\/\/gocommunicationbol.com\/index.php?rest_route=\/wp\/v2\/types\/post"}],"author":[{"embeddable":true,"href":"https:\/\/gocommunicationbol.com\/index.php?rest_route=\/wp\/v2\/users\/3"}],"replies":[{"embeddable":true,"href":"https:\/\/gocommunicationbol.com\/index.php?rest_route=%2Fwp%2Fv2%2Fcomments&post=1367"}],"version-history":[{"count":1,"href":"https:\/\/gocommunicationbol.com\/index.php?rest_route=\/wp\/v2\/posts\/1367\/revisions"}],"predecessor-version":[{"id":1369,"href":"https:\/\/gocommunicationbol.com\/index.php?rest_route=\/wp\/v2\/posts\/1367\/revisions\/1369"}],"wp:featuredmedia":[{"embeddable":true,"href":"https:\/\/gocommunicationbol.com\/index.php?rest_route=\/wp\/v2\/media\/1368"}],"wp:attachment":[{"href":"https:\/\/gocommunicationbol.com\/index.php?rest_route=%2Fwp%2Fv2%2Fmedia&parent=1367"}],"wp:term":[{"taxonomy":"category","embeddable":true,"href":"https:\/\/gocommunicationbol.com\/index.php?rest_route=%2Fwp%2Fv2%2Fcategories&post=1367"},{"taxonomy":"post_tag","embeddable":true,"href":"https:\/\/gocommunicationbol.com\/index.php?rest_route=%2Fwp%2Fv2%2Ftags&post=1367"}],"curies":[{"name":"wp","href":"https:\/\/api.w.org\/{rel}","templated":true}]}}