{"id":1328,"date":"2026-03-12T14:12:00","date_gmt":"2026-03-12T14:12:00","guid":{"rendered":"https:\/\/gocommunicationbol.com\/?p=1328"},"modified":"2026-03-12T14:17:29","modified_gmt":"2026-03-12T14:17:29","slug":"dos-muertos-tras-embarrancamiento-en-tupiza","status":"publish","type":"post","link":"https:\/\/gocommunicationbol.com\/?p=1328","title":{"rendered":"Dos muertos tras embarrancamiento en Tupiza"},"content":{"rendered":"\n<p><em>Una camioneta se embarranc\u00f3 en Tupiza y dej\u00f3 dos personas fallecidas y dos heridas que fueron trasladadas a un hospital.<\/em><\/p>\n\n\n\n<p><strong>Tupiza, 12 de marzo de 2026.<\/strong> \u2014 Un <strong>accidente de tr\u00e1nsito ocurrido en Tupiza<\/strong> dej\u00f3 <strong>dos personas fallecidas y dos heridas<\/strong> luego de que una camioneta se embarrancara en una v\u00eda de la regi\u00f3n, seg\u00fan el reporte preliminar de las autoridades.<\/p>\n\n\n\n<p>El veh\u00edculo involucrado es <strong>una camioneta Toyota Hilux de color blanco con placa 4459-KYU<\/strong>, que por causas a\u00fan investigadas perdi\u00f3 el control y cay\u00f3 a un barranco.<\/p>\n\n\n\n<p>Las v\u00edctimas fatales fueron identificadas como <strong>Eulogio Flores Lucas, de aproximadamente 62 a\u00f1os<\/strong>, y <strong>Bryan Alan Sanizo Guti\u00e9rrez, de aproximadamente 33 a\u00f1os<\/strong>. Ambos cuerpos fueron trasladados a la morgue del <strong>Hospital Eduardo Egu\u00eda<\/strong>.<\/p>\n\n\n\n<figure class=\"wp-block-embed is-type-rich is-provider-twitter wp-block-embed-twitter\"><div class=\"wp-block-embed__wrapper\">\n<blockquote class=\"twitter-tweet\" data-width=\"550\" data-dnt=\"true\"><p lang=\"es\" dir=\"ltr\">\ud83d\udea8Camioneta se embarranca en Tupiza y deja dos personas fallecidas y dos heridas trasladadas a un hospital \ud83d\ude91\ud83d\udea7<br><br>Lee m\u00e1s\ud83d\udc47<a href=\"https:\/\/t.co\/oxBnWgNc99\">https:\/\/t.co\/oxBnWgNc99<\/a><br><br>\ud83d\udfe2WhatsApp\ud83d\udfe3<a href=\"https:\/\/t.co\/MyifShKEPu\">https:\/\/t.co\/MyifShKEPu<\/a><a href=\"https:\/\/twitter.com\/hashtag\/AccidenteDeTr%C3%A1nsito?src=hash&amp;ref_src=twsrc%5Etfw\" target=\"_blank\" rel=\"noopener\">#AccidenteDeTr\u00e1nsito<\/a> <a href=\"https:\/\/twitter.com\/hashtag\/Potos%C3%AD?src=hash&amp;ref_src=twsrc%5Etfw\" target=\"_blank\" rel=\"noopener\">#Potos\u00ed<\/a> <a href=\"https:\/\/twitter.com\/hashtag\/Tupiza?src=hash&amp;ref_src=twsrc%5Etfw\" target=\"_blank\" rel=\"noopener\">#Tupiza<\/a> <a href=\"https:\/\/twitter.com\/hashtag\/Tragedia?src=hash&amp;ref_src=twsrc%5Etfw\" target=\"_blank\" rel=\"noopener\">#Tragedia<\/a> <a href=\"https:\/\/t.co\/wqYXSb9R5N\">pic.twitter.com\/wqYXSb9R5N<\/a><\/p>&mdash; Go Communication Bolivia (@GoComBolivia) <a href=\"https:\/\/twitter.com\/GoComBolivia\/status\/2032098307724476550?ref_src=twsrc%5Etfw\" target=\"_blank\" rel=\"noopener\">March 12, 2026<\/a><\/blockquote><script async src=\"https:\/\/platform.twitter.com\/widgets.js\" charset=\"utf-8\"><\/script>\n<\/div><\/figure>\n\n\n\n<p>Los heridos son <strong>Luis Quispe Mart\u00ednez, de 25 a\u00f1os<\/strong>, quien presenta diagn\u00f3stico preliminar de <strong>traumatismo enc\u00e9falo craneano leve con hundimiento de cr\u00e1neo, fractura de clav\u00edcula izquierda y policontusiones<\/strong>, y <strong>Rolando Quispe Mart\u00ednez, de 23 a\u00f1os<\/strong>, con <strong>trauma raqu\u00eddeo, TEC leve con p\u00e9rdida de conocimiento, policontusiones y herida contusa en el l\u00f3bulo de la oreja izquierda<\/strong>.<\/p>\n\n\n\n<p>Los lesionados permanecen bajo atenci\u00f3n m\u00e9dica, mientras las autoridades iniciaron <strong>las investigaciones para determinar las causas del siniestro<\/strong>.<\/p>\n\n\n\n<p>\ud83d\udce2 Go Communication<br>\u00danete al grupo oficial de WhatsApp y Telegram\ud83d\udcf1 a trav\u00e9s de los siguientes enlaces: \ud83d\udd17\ud83d\udc47<br>\u27a1\ufe0f WhatsApp:\u00a0<a href=\"https:\/\/whatsapp.com\/channel\/0029Va7C0epA2pL4r3PiKa1F\" target=\"_blank\" rel=\"noreferrer noopener\">https:\/\/whatsapp.com\/channel\/0029Va7C0epA2pL4r3PiKa1F<\/a><br>\u27a1\ufe0f Telegram:\u00a0<a href=\"https:\/\/t.me\/GoCommunicationBolivia\">https:\/\/t.me\/GoCommunicationBolivia<\/a><\/p>\n","protected":false},"excerpt":{"rendered":"<p>Una camioneta se embarranc\u00f3 en Tupiza y dej\u00f3 dos personas fallecidas y dos heridas que fueron trasladadas a un hospital.<\/p>\n","protected":false},"author":2,"featured_media":1329,"comment_status":"closed","ping_status":"closed","sticky":false,"template":"","format":"standard","meta":{"_monsterinsights_skip_tracking":false,"_monsterinsights_sitenote_active":false,"_monsterinsights_sitenote_note":"","_monsterinsights_sitenote_category":0,"footnotes":""},"categories":[7],"tags":[123,312,341,695],"class_list":["post-1328","post","type-post","status-publish","format-standard","has-post-thumbnail","hentry","category-sociedad","tag-accidente-de-transito","tag-potosi","tag-tragedia","tag-tupiza"],"_links":{"self":[{"href":"https:\/\/gocommunicationbol.com\/index.php?rest_route=\/wp\/v2\/posts\/1328","targetHints":{"allow":["GET"]}}],"collection":[{"href":"https:\/\/gocommunicationbol.com\/index.php?rest_route=\/wp\/v2\/posts"}],"about":[{"href":"https:\/\/gocommunicationbol.com\/index.php?rest_route=\/wp\/v2\/types\/post"}],"author":[{"embeddable":true,"href":"https:\/\/gocommunicationbol.com\/index.php?rest_route=\/wp\/v2\/users\/2"}],"replies":[{"embeddable":true,"href":"https:\/\/gocommunicationbol.com\/index.php?rest_route=%2Fwp%2Fv2%2Fcomments&post=1328"}],"version-history":[{"count":2,"href":"https:\/\/gocommunicationbol.com\/index.php?rest_route=\/wp\/v2\/posts\/1328\/revisions"}],"predecessor-version":[{"id":1331,"href":"https:\/\/gocommunicationbol.com\/index.php?rest_route=\/wp\/v2\/posts\/1328\/revisions\/1331"}],"wp:featuredmedia":[{"embeddable":true,"href":"https:\/\/gocommunicationbol.com\/index.php?rest_route=\/wp\/v2\/media\/1329"}],"wp:attachment":[{"href":"https:\/\/gocommunicationbol.com\/index.php?rest_route=%2Fwp%2Fv2%2Fmedia&parent=1328"}],"wp:term":[{"taxonomy":"category","embeddable":true,"href":"https:\/\/gocommunicationbol.com\/index.php?rest_route=%2Fwp%2Fv2%2Fcategories&post=1328"},{"taxonomy":"post_tag","embeddable":true,"href":"https:\/\/gocommunicationbol.com\/index.php?rest_route=%2Fwp%2Fv2%2Ftags&post=1328"}],"curies":[{"name":"wp","href":"https:\/\/api.w.org\/{rel}","templated":true}]}}