{"id":1327,"date":"2026-03-12T14:20:06","date_gmt":"2026-03-12T14:20:06","guid":{"rendered":"https:\/\/gocommunicationbol.com\/?p=1327"},"modified":"2026-03-12T14:20:08","modified_gmt":"2026-03-12T14:20:08","slug":"evo-critica-el-retiro-de-su-busto-y-afirma-que-se-hizo-para-complacer-al-rey-de-espana","status":"publish","type":"post","link":"https:\/\/gocommunicationbol.com\/?p=1327","title":{"rendered":"Evo critica el retiro de su busto y afirma que se hizo para complacer al rey de Espa\u00f1a"},"content":{"rendered":"\n<p><em>El expresidente vincul\u00f3 la decisi\u00f3n del Senado con la visita del rey Felipe VI y afirm\u00f3 que busca complacer a la monarqu\u00eda espa\u00f1ola.<\/em><\/p>\n\n\n\n<p><strong>Cochabamba, 11 de marzo de 2026. &#8211; <\/strong>Mediante una publicaci\u00f3n en redes sociales, l expresidente Evo Morales cuestion\u00f3 la decisi\u00f3n del Senado de retirar su busto de las instalaciones de la Asamblea Legislativa y afirm\u00f3 que la medida buscar\u00eda complacer al rey Felipe VI de Espa\u00f1a, quien realiz\u00f3 una visita oficial al pa\u00eds. Adem\u00e1s, se\u00f1al\u00f3 que ambas situaciones reflejan lo que calific\u00f3 como actos de \u201ccolonialismo\u201d y \u201codio\u201d hacia los pueblos originarios.<\/p>\n\n\n\n<p>\u201cEl retiro del busto es una reverencia al Rey de Espa\u00f1a. La mentalidad colonial es una doctrina de odio a los pueblos originarios\u201d. En su mensaje, Morales sostuvo que la medida representa \u201cactos de exclusi\u00f3n, racismo y discriminaci\u00f3n\u201d, y afirm\u00f3 que los pueblos ind\u00edgenas mantendr\u00e1n viva la memoria de la lucha contra el colonialismo.<\/p>\n\n\n\n<p>El busto del exmandatario fue instalado en el Palacio Legislativo durante el periodo 2011-2012 y desde entonces gener\u00f3 cr\u00edticas y cuestionamientos en distintos sectores pol\u00edticos. En legislaturas anteriores tambi\u00e9n se plantearon iniciativas para retirarlo, en medio de debates sobre la presencia de im\u00e1genes o esculturas de autoridades en funciones o exautoridades dentro de las instalaciones legislativas.<\/p>\n\n\n\n<p>Por su parte, el Gobierno explic\u00f3 que la visita del rey Felipe VI de Espa\u00f1a se enmarca en actividades de cooperaci\u00f3n bilateral y en la agenda internacional del presidente Rodrigo Paz, que incluye reuniones y futuros viajes oficiales a pa\u00edses europeos.<\/p>\n\n\n\n<p>Las autoridades se\u00f1alaron que la agenda diplom\u00e1tica con Espa\u00f1a contempla temas de cooperaci\u00f3n internacional y relaciones bilaterales, sin relaci\u00f3n con las decisiones administrativas adoptadas por el \u00d3rgano Legislativo.<\/p>\n\n\n\n<p>\ud83d\udce2 Go Communication<br>\u00danete al grupo oficial de WhatsApp y Telegram\ud83d\udcf1 a trav\u00e9s de los siguientes enlaces: \ud83d\udd17\ud83d\udc47<br>\u27a1\ufe0f WhatsApp:\u00a0<a href=\"https:\/\/whatsapp.com\/channel\/0029Va7C0epA2pL4r3PiKa1F\" target=\"_blank\" rel=\"noreferrer noopener\">https:\/\/whatsapp.com\/channel\/0029Va7C0epA2pL4r3PiKa1F<\/a><br>\u27a1\ufe0f Telegram:\u00a0<a href=\"https:\/\/t.me\/GoCommunicationBolivia\">https:\/\/t.me\/GoCommunicationBolivia<\/a><\/p>\n","protected":false},"excerpt":{"rendered":"<p>El expresidente vincul\u00f3 la decisi\u00f3n del Senado con la visita del rey Felipe VI y afirm\u00f3 que busca<\/p>\n","protected":false},"author":3,"featured_media":1332,"comment_status":"closed","ping_status":"closed","sticky":false,"template":"","format":"standard","meta":{"_monsterinsights_skip_tracking":false,"_monsterinsights_sitenote_active":false,"_monsterinsights_sitenote_note":"","_monsterinsights_sitenote_category":0,"footnotes":""},"categories":[6],"tags":[696,133,607,100],"class_list":["post-1327","post","type-post","status-publish","format-standard","has-post-thumbnail","hentry","category-politica","tag-busto","tag-cochabamba","tag-evo","tag-evo-morales"],"_links":{"self":[{"href":"https:\/\/gocommunicationbol.com\/index.php?rest_route=\/wp\/v2\/posts\/1327","targetHints":{"allow":["GET"]}}],"collection":[{"href":"https:\/\/gocommunicationbol.com\/index.php?rest_route=\/wp\/v2\/posts"}],"about":[{"href":"https:\/\/gocommunicationbol.com\/index.php?rest_route=\/wp\/v2\/types\/post"}],"author":[{"embeddable":true,"href":"https:\/\/gocommunicationbol.com\/index.php?rest_route=\/wp\/v2\/users\/3"}],"replies":[{"embeddable":true,"href":"https:\/\/gocommunicationbol.com\/index.php?rest_route=%2Fwp%2Fv2%2Fcomments&post=1327"}],"version-history":[{"count":1,"href":"https:\/\/gocommunicationbol.com\/index.php?rest_route=\/wp\/v2\/posts\/1327\/revisions"}],"predecessor-version":[{"id":1333,"href":"https:\/\/gocommunicationbol.com\/index.php?rest_route=\/wp\/v2\/posts\/1327\/revisions\/1333"}],"wp:featuredmedia":[{"embeddable":true,"href":"https:\/\/gocommunicationbol.com\/index.php?rest_route=\/wp\/v2\/media\/1332"}],"wp:attachment":[{"href":"https:\/\/gocommunicationbol.com\/index.php?rest_route=%2Fwp%2Fv2%2Fmedia&parent=1327"}],"wp:term":[{"taxonomy":"category","embeddable":true,"href":"https:\/\/gocommunicationbol.com\/index.php?rest_route=%2Fwp%2Fv2%2Fcategories&post=1327"},{"taxonomy":"post_tag","embeddable":true,"href":"https:\/\/gocommunicationbol.com\/index.php?rest_route=%2Fwp%2Fv2%2Ftags&post=1327"}],"curies":[{"name":"wp","href":"https:\/\/api.w.org\/{rel}","templated":true}]}}