{"id":1318,"date":"2026-03-12T13:03:58","date_gmt":"2026-03-12T13:03:58","guid":{"rendered":"https:\/\/gocommunicationbol.com\/?p=1318"},"modified":"2026-03-12T13:04:01","modified_gmt":"2026-03-12T13:04:01","slug":"vendes-items-incomodo-cruce-entre-santos-quispe-y-chino-gomez-en-el-debate-para-gobernacion","status":"publish","type":"post","link":"https:\/\/gocommunicationbol.com\/?p=1318","title":{"rendered":"\u00bfVendes \u00edtems? Inc\u00f3modo cruce entre Santos Quispe y &#8216;Chino&#8217; G\u00f3mez en el debate para Gobernaci\u00f3n"},"content":{"rendered":"\n<p><em>El candidato Andr\u00e9s G\u00f3mez cuestion\u00f3 al gobernador Santos Quispe por presuntas irregularidades en la asignaci\u00f3n de \u00edtems de salud durante un debate.<\/em><\/p>\n\n\n\n<p><strong>La Paz, 11 de marzo de 2026. &#8211;<\/strong> Un cruce de declaraciones marc\u00f3 el primer bloque del debate por la Gobernaci\u00f3n de La Paz, cuando el candidato de Venceremos, Andr\u00e9s &#8216;Chino G\u00f3mez&#8217;, cuestion\u00f3 al actual gobernador y postulante a la reelecci\u00f3n, Santos Quispe, sobre presuntas irregularidades en la asignaci\u00f3n de \u00edtems en el sector salud.<\/p>\n\n\n\n<p>El intercambio se produjo cuando, durante su turno de consultar, Quispe asegur\u00f3 que hab\u00eda visto &#8216;en los medios&#8217; que G\u00f3mez estaba a favor de la ley antibloqueos. Ante la insinuaci\u00f3n, G\u00f3mez enfrent\u00f3 al candidato, pregunt\u00e1ndole en qu\u00e9 medio hab\u00eda visto la supuesta afirmaci\u00f3n, a lo que Quispe simplemente se qued\u00f3 callado mirando a la c\u00e1mara. \u201cEntonces yo no puedo responder sobre algo que no precisa. Yo tambi\u00e9n puedo decir &#8216;He escuchado en los medios Santos, que vendes \u00edtems, \u00bfvendes \u00edtems a los m\u00e9dicos?, \u00bfen cu\u00e1nto los vendes?\u201c insisti\u00f3 G\u00f3mez.<\/p>\n\n\n\n<p>Ante la consulta, Quispe nuevamente expres\u00f3 silencio mirando a la c\u00e1mara, culminando su turno de pregunta y dando paso a la consulta de otro candidato. Posteriormente, defendi\u00f3 su gesti\u00f3n, al se\u00f1alar que la asignaci\u00f3n de varios \u00edtems depende del nivel central del Estado y que su administraci\u00f3n realiz\u00f3 gestiones para fortalecer el sistema de salud departamental.<\/p>\n\n\n\n<p>G\u00f3mez, por su parte, reiter\u00f3 que el debate debe enfocarse en la planificaci\u00f3n t\u00e9cnica y la sostenibilidad del sistema sanitario, y cuestion\u00f3 c\u00f3mo se financiar\u00e1 la construcci\u00f3n de hospitales de tercer nivel si previamente no se asegura personal m\u00e9dico y especializado.<\/p>\n\n\n\n<p>El intercambio, lleno de tensi\u00f3n e incomodidad, se convirti\u00f3 en uno de los momentos m\u00e1s comentados del primer bloque del debate, generando diversas reacciones en redes sociales, desde memes, hasta comentarios m\u00e1s serios sobre las opiniones hacia ambos candidatos. <\/p>\n\n\n\n<p>\ud83d\udce2 Go Communication<br>\u00danete al grupo oficial de WhatsApp y Telegram\ud83d\udcf1 a trav\u00e9s de los siguientes enlaces: \ud83d\udd17\ud83d\udc47<br>\u27a1\ufe0f WhatsApp:\u00a0<a href=\"https:\/\/whatsapp.com\/channel\/0029Va7C0epA2pL4r3PiKa1F\" target=\"_blank\" rel=\"noreferrer noopener\">https:\/\/whatsapp.com\/channel\/0029Va7C0epA2pL4r3PiKa1F<\/a><br>\u27a1\ufe0f Telegram:\u00a0<a href=\"https:\/\/t.me\/GoCommunicationBolivia\">https:\/\/t.me\/GoCommunicationBolivia<\/a><\/p>\n","protected":false},"excerpt":{"rendered":"<p>El candidato Andr\u00e9s G\u00f3mez cuestion\u00f3 al gobernador Santos Quispe por presuntas irregularidades en la asignaci\u00f3n de \u00edtems de<\/p>\n","protected":false},"author":3,"featured_media":1319,"comment_status":"closed","ping_status":"closed","sticky":false,"template":"","format":"standard","meta":{"_monsterinsights_skip_tracking":false,"_monsterinsights_sitenote_active":false,"_monsterinsights_sitenote_note":"","_monsterinsights_sitenote_category":0,"footnotes":""},"categories":[6],"tags":[686,115,688,685],"class_list":["post-1318","post","type-post","status-publish","format-standard","has-post-thumbnail","hentry","category-politica","tag-debate-gobernacion","tag-elecciones-subnacionales","tag-gobernador","tag-santos-quispe"],"_links":{"self":[{"href":"https:\/\/gocommunicationbol.com\/index.php?rest_route=\/wp\/v2\/posts\/1318","targetHints":{"allow":["GET"]}}],"collection":[{"href":"https:\/\/gocommunicationbol.com\/index.php?rest_route=\/wp\/v2\/posts"}],"about":[{"href":"https:\/\/gocommunicationbol.com\/index.php?rest_route=\/wp\/v2\/types\/post"}],"author":[{"embeddable":true,"href":"https:\/\/gocommunicationbol.com\/index.php?rest_route=\/wp\/v2\/users\/3"}],"replies":[{"embeddable":true,"href":"https:\/\/gocommunicationbol.com\/index.php?rest_route=%2Fwp%2Fv2%2Fcomments&post=1318"}],"version-history":[{"count":1,"href":"https:\/\/gocommunicationbol.com\/index.php?rest_route=\/wp\/v2\/posts\/1318\/revisions"}],"predecessor-version":[{"id":1320,"href":"https:\/\/gocommunicationbol.com\/index.php?rest_route=\/wp\/v2\/posts\/1318\/revisions\/1320"}],"wp:featuredmedia":[{"embeddable":true,"href":"https:\/\/gocommunicationbol.com\/index.php?rest_route=\/wp\/v2\/media\/1319"}],"wp:attachment":[{"href":"https:\/\/gocommunicationbol.com\/index.php?rest_route=%2Fwp%2Fv2%2Fmedia&parent=1318"}],"wp:term":[{"taxonomy":"category","embeddable":true,"href":"https:\/\/gocommunicationbol.com\/index.php?rest_route=%2Fwp%2Fv2%2Fcategories&post=1318"},{"taxonomy":"post_tag","embeddable":true,"href":"https:\/\/gocommunicationbol.com\/index.php?rest_route=%2Fwp%2Fv2%2Ftags&post=1318"}],"curies":[{"name":"wp","href":"https:\/\/api.w.org\/{rel}","templated":true}]}}