{"id":1314,"date":"2026-03-11T20:47:04","date_gmt":"2026-03-11T20:47:04","guid":{"rendered":"https:\/\/gocommunicationbol.com\/?p=1314"},"modified":"2026-03-11T20:47:07","modified_gmt":"2026-03-11T20:47:07","slug":"senado-ordena-retirar-busto-de-evo-morales","status":"publish","type":"post","link":"https:\/\/gocommunicationbol.com\/?p=1314","title":{"rendered":"Senado ordena retirar busto de Evo Morales"},"content":{"rendered":"\n<p><em>Una resoluci\u00f3n camaral aprobada por m\u00e1s de dos tercios instruye retirar en 72 horas el busto del exmandatario del Palacio Legislativo.<\/em><\/p>\n\n\n\n<p><strong>La Paz, 11 de marzo de 2026.<\/strong> \u2014 La <strong>C\u00e1mara de Senadores de Bolivia<\/strong> aprob\u00f3 por m\u00e1s de dos tercios una <strong>resoluci\u00f3n camaral que dispone el retiro definitivo del busto del expresidente Evo Morales<\/strong> de las instalaciones del <strong>Asamblea Legislativa Plurinacional (ALP)<\/strong>.<\/p>\n\n\n\n<p>La decisi\u00f3n se adopt\u00f3 durante la <strong>70.\u00aa sesi\u00f3n ordinaria del Senado<\/strong>, tras la presentaci\u00f3n del informe de la Comisi\u00f3n de Pol\u00edtica Social, Educaci\u00f3n y Salud sobre el Proyecto de Resoluci\u00f3n Camaral N.\u00ba 003\/2025-2026.<\/p>\n\n\n\n<p>El documento establece un <strong>plazo de 72 horas para ejecutar el retiro de la escultura<\/strong> y encarga la coordinaci\u00f3n del procedimiento al oficial mayor <strong>Javier Z\u00e1rate<\/strong>, quien deber\u00e1 realizar las gestiones administrativas, log\u00edsticas y materiales necesarias.<\/p>\n\n\n\n<p>Seg\u00fan la resoluci\u00f3n le\u00edda en sala por el segundo secretario <strong>Julio Roma\u00f1a<\/strong>, la instrucci\u00f3n tambi\u00e9n <strong>proh\u00edbe la futura reinstalaci\u00f3n del busto en cualquier espacio de la Asamblea Legislativa<\/strong>.<\/p>\n\n\n\n<p>La escultura del exmandatario fue instalada en el <strong>Palacio Legislativo entre 2011 y 2012<\/strong>, durante su gesti\u00f3n presidencial. El retiro se realizar\u00e1 una vez activadas las acciones administrativas correspondientes.<\/p>\n\n\n\n<p>\ud83d\udce2 Go Communication<br>\u00danete al grupo oficial de WhatsApp y Telegram\ud83d\udcf1 a trav\u00e9s de los siguientes enlaces: \ud83d\udd17\ud83d\udc47<br>\u27a1\ufe0f WhatsApp:\u00a0<a href=\"https:\/\/whatsapp.com\/channel\/0029Va7C0epA2pL4r3PiKa1F\" target=\"_blank\" rel=\"noreferrer noopener\">https:\/\/whatsapp.com\/channel\/0029Va7C0epA2pL4r3PiKa1F<\/a><br>\u27a1\ufe0f Telegram:\u00a0<a href=\"https:\/\/t.me\/GoCommunicationBolivia\">https:\/\/t.me\/GoCommunicationBolivia<\/a><\/p>\n","protected":false},"excerpt":{"rendered":"<p>Una resoluci\u00f3n camaral aprobada por m\u00e1s de dos tercios instruye retirar en 72 horas el busto del exmandatario del Palacio Legislativo.<\/p>\n","protected":false},"author":2,"featured_media":1315,"comment_status":"closed","ping_status":"closed","sticky":false,"template":"","format":"standard","meta":{"_monsterinsights_skip_tracking":false,"_monsterinsights_sitenote_active":false,"_monsterinsights_sitenote_note":"","_monsterinsights_sitenote_category":0,"footnotes":""},"categories":[6],"tags":[683,682,100],"class_list":["post-1314","post","type-post","status-publish","format-standard","has-post-thumbnail","hentry","category-politica","tag-asamblea-legislativa-plurinacional","tag-camara-de-senadores","tag-evo-morales"],"_links":{"self":[{"href":"https:\/\/gocommunicationbol.com\/index.php?rest_route=\/wp\/v2\/posts\/1314","targetHints":{"allow":["GET"]}}],"collection":[{"href":"https:\/\/gocommunicationbol.com\/index.php?rest_route=\/wp\/v2\/posts"}],"about":[{"href":"https:\/\/gocommunicationbol.com\/index.php?rest_route=\/wp\/v2\/types\/post"}],"author":[{"embeddable":true,"href":"https:\/\/gocommunicationbol.com\/index.php?rest_route=\/wp\/v2\/users\/2"}],"replies":[{"embeddable":true,"href":"https:\/\/gocommunicationbol.com\/index.php?rest_route=%2Fwp%2Fv2%2Fcomments&post=1314"}],"version-history":[{"count":1,"href":"https:\/\/gocommunicationbol.com\/index.php?rest_route=\/wp\/v2\/posts\/1314\/revisions"}],"predecessor-version":[{"id":1316,"href":"https:\/\/gocommunicationbol.com\/index.php?rest_route=\/wp\/v2\/posts\/1314\/revisions\/1316"}],"wp:featuredmedia":[{"embeddable":true,"href":"https:\/\/gocommunicationbol.com\/index.php?rest_route=\/wp\/v2\/media\/1315"}],"wp:attachment":[{"href":"https:\/\/gocommunicationbol.com\/index.php?rest_route=%2Fwp%2Fv2%2Fmedia&parent=1314"}],"wp:term":[{"taxonomy":"category","embeddable":true,"href":"https:\/\/gocommunicationbol.com\/index.php?rest_route=%2Fwp%2Fv2%2Fcategories&post=1314"},{"taxonomy":"post_tag","embeddable":true,"href":"https:\/\/gocommunicationbol.com\/index.php?rest_route=%2Fwp%2Fv2%2Ftags&post=1314"}],"curies":[{"name":"wp","href":"https:\/\/api.w.org\/{rel}","templated":true}]}}