{"id":1311,"date":"2026-03-11T19:54:04","date_gmt":"2026-03-11T19:54:04","guid":{"rendered":"https:\/\/gocommunicationbol.com\/?p=1311"},"modified":"2026-03-11T19:54:06","modified_gmt":"2026-03-11T19:54:06","slug":"denuncian-que-director-de-prensa-de-manfred-trabaja-con-titulo-falso","status":"publish","type":"post","link":"https:\/\/gocommunicationbol.com\/?p=1311","title":{"rendered":"Denuncian que director de prensa de Manfred trabaja con t\u00edtulo falso"},"content":{"rendered":"\n<p><em>El diputado Julio Carvajal denunci\u00f3 que el director de prensa de la Alcald\u00eda de Cochabamba habr\u00eda presentado un t\u00edtulo profesional falso.<\/em><\/p>\n\n\n\n<p><strong>La Paz, 11 de marzo de 2026.<\/strong> \u2014 El diputado <strong>Julio Carvajal<\/strong> denunci\u00f3 que el <strong>director de prensa de la Alcald\u00eda de Cochabamba<\/strong> habr\u00eda presentado <strong>un t\u00edtulo profesional presuntamente falso<\/strong>, hecho que \u2014seg\u00fan indic\u00f3\u2014 fue observado en un informe de la <strong>Contralor\u00eda General del Estado<\/strong>.<\/p>\n\n\n\n<p>Carvajal hizo p\u00fablica la denuncia y mostr\u00f3 el documento que, de acuerdo con su versi\u00f3n, evidencia irregularidades relacionadas con la acreditaci\u00f3n profesional utilizada para ocupar el cargo.<\/p>\n\n\n\n<p>El legislador se\u00f1al\u00f3 que el informe de la Contralor\u00eda <strong>identifica hechos irregulares y recomienda iniciar procesos administrativos y penales<\/strong> para esclarecer la situaci\u00f3n.<\/p>\n\n\n\n<p>Hasta el momento, no se conoci\u00f3 un pronunciamiento oficial del funcionario denunciado ni de autoridades de la Alcald\u00eda de Cochabamba sobre las observaciones se\u00f1aladas.<\/p>\n\n\n\n<p>\ud83d\udce2 Go Communication<br>\u00danete al grupo oficial de WhatsApp y Telegram\ud83d\udcf1 a trav\u00e9s de los siguientes enlaces: \ud83d\udd17\ud83d\udc47<br>\u27a1\ufe0f WhatsApp:\u00a0<a href=\"https:\/\/whatsapp.com\/channel\/0029Va7C0epA2pL4r3PiKa1F\" target=\"_blank\" rel=\"noreferrer noopener\">https:\/\/whatsapp.com\/channel\/0029Va7C0epA2pL4r3PiKa1F<\/a><br>\u27a1\ufe0f Telegram:\u00a0<a href=\"https:\/\/t.me\/GoCommunicationBolivia\">https:\/\/t.me\/GoCommunicationBolivia<\/a><\/p>\n","protected":false},"excerpt":{"rendered":"<p>El diputado Julio Carvajal denunci\u00f3 que el director de prensa de la Alcald\u00eda de Cochabamba habr\u00eda presentado un<\/p>\n","protected":false},"author":2,"featured_media":1312,"comment_status":"closed","ping_status":"closed","sticky":false,"template":"","format":"standard","meta":{"_monsterinsights_skip_tracking":false,"_monsterinsights_sitenote_active":false,"_monsterinsights_sitenote_note":"","_monsterinsights_sitenote_category":0,"footnotes":""},"categories":[6],"tags":[681,133,680,679],"class_list":["post-1311","post","type-post","status-publish","format-standard","has-post-thumbnail","hentry","category-politica","tag-alcaldia-de-cochabamba","tag-cochabamba","tag-contraloria-general-del-estado","tag-manfred-reyes-villa"],"_links":{"self":[{"href":"https:\/\/gocommunicationbol.com\/index.php?rest_route=\/wp\/v2\/posts\/1311","targetHints":{"allow":["GET"]}}],"collection":[{"href":"https:\/\/gocommunicationbol.com\/index.php?rest_route=\/wp\/v2\/posts"}],"about":[{"href":"https:\/\/gocommunicationbol.com\/index.php?rest_route=\/wp\/v2\/types\/post"}],"author":[{"embeddable":true,"href":"https:\/\/gocommunicationbol.com\/index.php?rest_route=\/wp\/v2\/users\/2"}],"replies":[{"embeddable":true,"href":"https:\/\/gocommunicationbol.com\/index.php?rest_route=%2Fwp%2Fv2%2Fcomments&post=1311"}],"version-history":[{"count":1,"href":"https:\/\/gocommunicationbol.com\/index.php?rest_route=\/wp\/v2\/posts\/1311\/revisions"}],"predecessor-version":[{"id":1313,"href":"https:\/\/gocommunicationbol.com\/index.php?rest_route=\/wp\/v2\/posts\/1311\/revisions\/1313"}],"wp:featuredmedia":[{"embeddable":true,"href":"https:\/\/gocommunicationbol.com\/index.php?rest_route=\/wp\/v2\/media\/1312"}],"wp:attachment":[{"href":"https:\/\/gocommunicationbol.com\/index.php?rest_route=%2Fwp%2Fv2%2Fmedia&parent=1311"}],"wp:term":[{"taxonomy":"category","embeddable":true,"href":"https:\/\/gocommunicationbol.com\/index.php?rest_route=%2Fwp%2Fv2%2Fcategories&post=1311"},{"taxonomy":"post_tag","embeddable":true,"href":"https:\/\/gocommunicationbol.com\/index.php?rest_route=%2Fwp%2Fv2%2Ftags&post=1311"}],"curies":[{"name":"wp","href":"https:\/\/api.w.org\/{rel}","templated":true}]}}