{"id":1306,"date":"2026-03-11T19:28:15","date_gmt":"2026-03-11T19:28:15","guid":{"rendered":"https:\/\/gocommunicationbol.com\/?p=1306"},"modified":"2026-03-11T19:33:42","modified_gmt":"2026-03-11T19:33:42","slug":"denuncian-ausencia-de-director-de-colegio-por-priorizar-campana-electoral","status":"publish","type":"post","link":"https:\/\/gocommunicationbol.com\/?p=1306","title":{"rendered":"Denuncian ausencia de director de colegio por priorizar campa\u00f1a electoral"},"content":{"rendered":"\n<p><em>Padres de familia denuncian que el director de la Unidad Educativa San Andr\u00e9s no asiste a la instituci\u00f3n por realizar campa\u00f1a rumbo a la Alcald\u00eda de Charazani.<\/em><\/p>\n\n\n\n<p><strong>La Paz, 11 de marzo de 2026.<\/strong> \u2014 Padres de familia denunciaron que <strong>Emilio Yanahuaya<\/strong>, director de la <strong>Unidad Educativa San Andr\u00e9s<\/strong>, ubicada en la zona de Cota Cota de la ciudad de La Paz, <strong>no asiste a la instituci\u00f3n desde hace aproximadamente un mes<\/strong> debido a su campa\u00f1a pol\u00edtica como candidato a la Alcald\u00eda de Charazani.<\/p>\n\n\n\n<p>Seg\u00fan los denunciantes, la ausencia de la autoridad educativa habr\u00eda dejado al establecimiento <strong>sin una direcci\u00f3n efectiva<\/strong>, situaci\u00f3n que \u2014afirman\u2014 afecta la administraci\u00f3n y el funcionamiento regular del centro educativo.<\/p>\n\n\n\n<p>Los padres tambi\u00e9n se\u00f1alaron que la situaci\u00f3n contar\u00eda con el conocimiento de la <strong>Direcci\u00f3n Distrital de Educaci\u00f3n<\/strong>, a la que piden pronunciarse sobre la ausencia del director y las medidas adoptadas para garantizar la normalidad en la unidad educativa.<\/p>\n\n\n\n<figure class=\"wp-block-embed is-type-rich is-provider-twitter wp-block-embed-twitter\"><div class=\"wp-block-embed__wrapper\">\n<blockquote class=\"twitter-tweet\" data-width=\"550\" data-dnt=\"true\"><p lang=\"es\" dir=\"ltr\">\ud83c\udf93Padres denuncian que director de la Unidad Educativa San Andr\u00e9s en La Paz, no asiste a su fuente laboral hace un mes por realizar campa\u00f1a a la Alcald\u00eda de Charazani \ud83d\udcc4\ud83c\udfeb<br><br>Lee m\u00e1s\ud83d\udc47<a href=\"https:\/\/t.co\/TKkFJKds50\">https:\/\/t.co\/TKkFJKds50<\/a><a href=\"https:\/\/twitter.com\/hashtag\/LaPaz?src=hash&amp;ref_src=twsrc%5Etfw\" target=\"_blank\" rel=\"noopener\">#LaPaz<\/a> <a href=\"https:\/\/twitter.com\/hashtag\/Educaci%C3%B3nEnBolivia?src=hash&amp;ref_src=twsrc%5Etfw\" target=\"_blank\" rel=\"noopener\">#Educaci\u00f3nEnBolivia<\/a> <a href=\"https:\/\/twitter.com\/hashtag\/Pol%C3%ADticaBoliviana?src=hash&amp;ref_src=twsrc%5Etfw\" target=\"_blank\" rel=\"noopener\">#Pol\u00edticaBoliviana<\/a> <a href=\"https:\/\/twitter.com\/hashtag\/Charazani?src=hash&amp;ref_src=twsrc%5Etfw\" target=\"_blank\" rel=\"noopener\">#Charazani<\/a> <a href=\"https:\/\/t.co\/4GmrsJMbNP\">pic.twitter.com\/4GmrsJMbNP<\/a><\/p>&mdash; Go Communication Bolivia (@GoComBolivia) <a href=\"https:\/\/twitter.com\/GoComBolivia\/status\/2031815438749815007?ref_src=twsrc%5Etfw\" target=\"_blank\" rel=\"noopener\">March 11, 2026<\/a><\/blockquote><script async src=\"https:\/\/platform.twitter.com\/widgets.js\" charset=\"utf-8\"><\/script>\n<\/div><\/figure>\n\n\n\n<p>De acuerdo con la denuncia, Yanahuaya participa en actividades pol\u00edticas vinculadas al <strong>Movimiento Tercer Sistema (MTS)<\/strong>, luego de haber tenido anteriormente afinidad con el <strong>Movimiento al Socialismo (MAS)<\/strong>, raz\u00f3n por la cual tiene \u00abprotecci\u00f3n\u00bb para faltar a la Unidad Educativa a desempe\u00f1ar sus funciones, y poder realizar su campa\u00f1a electoral. Piden a las autoridades, destituir por faltar a su fuente laboral.<\/p>\n\n\n\n<p>\ud83d\udce2 Go Communication<br>\u00danete al grupo oficial de WhatsApp y Telegram\ud83d\udcf1 a trav\u00e9s de los siguientes enlaces: \ud83d\udd17\ud83d\udc47<br>\u27a1\ufe0f WhatsApp:\u00a0<a href=\"https:\/\/whatsapp.com\/channel\/0029Va7C0epA2pL4r3PiKa1F\" target=\"_blank\" rel=\"noreferrer noopener\">https:\/\/whatsapp.com\/channel\/0029Va7C0epA2pL4r3PiKa1F<\/a><br>\u27a1\ufe0f Telegram:\u00a0<a href=\"https:\/\/t.me\/GoCommunicationBolivia\">https:\/\/t.me\/GoCommunicationBolivia<\/a><\/p>\n","protected":false},"excerpt":{"rendered":"<p>Padres de familia denuncian que el director de la Unidad Educativa San Andr\u00e9s no asiste a la instituci\u00f3n por realizar campa\u00f1a rumbo a la Alcald\u00eda de Charazani.<\/p>\n","protected":false},"author":2,"featured_media":1307,"comment_status":"closed","ping_status":"closed","sticky":false,"template":"","format":"standard","meta":{"_monsterinsights_skip_tracking":false,"_monsterinsights_sitenote_active":false,"_monsterinsights_sitenote_note":"","_monsterinsights_sitenote_category":0,"footnotes":""},"categories":[7,6],"tags":[678,115,677],"class_list":["post-1306","post","type-post","status-publish","format-standard","has-post-thumbnail","hentry","category-sociedad","category-politica","tag-charazani","tag-elecciones-subnacionales","tag-unidad-educativa-san-andres"],"_links":{"self":[{"href":"https:\/\/gocommunicationbol.com\/index.php?rest_route=\/wp\/v2\/posts\/1306","targetHints":{"allow":["GET"]}}],"collection":[{"href":"https:\/\/gocommunicationbol.com\/index.php?rest_route=\/wp\/v2\/posts"}],"about":[{"href":"https:\/\/gocommunicationbol.com\/index.php?rest_route=\/wp\/v2\/types\/post"}],"author":[{"embeddable":true,"href":"https:\/\/gocommunicationbol.com\/index.php?rest_route=\/wp\/v2\/users\/2"}],"replies":[{"embeddable":true,"href":"https:\/\/gocommunicationbol.com\/index.php?rest_route=%2Fwp%2Fv2%2Fcomments&post=1306"}],"version-history":[{"count":2,"href":"https:\/\/gocommunicationbol.com\/index.php?rest_route=\/wp\/v2\/posts\/1306\/revisions"}],"predecessor-version":[{"id":1310,"href":"https:\/\/gocommunicationbol.com\/index.php?rest_route=\/wp\/v2\/posts\/1306\/revisions\/1310"}],"wp:featuredmedia":[{"embeddable":true,"href":"https:\/\/gocommunicationbol.com\/index.php?rest_route=\/wp\/v2\/media\/1307"}],"wp:attachment":[{"href":"https:\/\/gocommunicationbol.com\/index.php?rest_route=%2Fwp%2Fv2%2Fmedia&parent=1306"}],"wp:term":[{"taxonomy":"category","embeddable":true,"href":"https:\/\/gocommunicationbol.com\/index.php?rest_route=%2Fwp%2Fv2%2Fcategories&post=1306"},{"taxonomy":"post_tag","embeddable":true,"href":"https:\/\/gocommunicationbol.com\/index.php?rest_route=%2Fwp%2Fv2%2Ftags&post=1306"}],"curies":[{"name":"wp","href":"https:\/\/api.w.org\/{rel}","templated":true}]}}