{"id":1303,"date":"2026-03-11T16:15:43","date_gmt":"2026-03-11T16:15:43","guid":{"rendered":"https:\/\/gocommunicationbol.com\/?p=1303"},"modified":"2026-03-11T16:15:47","modified_gmt":"2026-03-11T16:15:47","slug":"jose-antonio-kast-asume-la-presidencia-de-chile","status":"publish","type":"post","link":"https:\/\/gocommunicationbol.com\/?p=1303","title":{"rendered":"Jos\u00e9 Antonio Kast asume la presidencia de Chile"},"content":{"rendered":"\n<p><em>Jos\u00e9 Antonio Kast jur\u00f3 como presidente de Chile para el periodo 2026-2030 durante una ceremonia realizada en el Congreso Nacional en Valpara\u00edso.<\/em><\/p>\n\n\n\n<p><strong>11 de marzo de 2026. &#8211;<\/strong> Jos\u00e9 Antonio Kast asumi\u00f3 este mi\u00e9rcoles como Presidente de Chile para el periodo 2026-2030, durante una ceremonia de transmisi\u00f3n de mando realizada en el Congreso Nacional en Valpara\u00edso, ante m\u00e1s de 1.150 asistentes, entre ellos, el presidente de Bolivia, Rodrigo Paz Pereira.<\/p>\n\n\n\n<p>El nuevo mandatario jur\u00f3 el cargo a las 12:28 horas (hora chilena), luego de recibir la piocha de O\u2019Higgins de manos del expresidente Gabriel Boric y la banda presidencial entregada por la presidenta del Senado, Paulina N\u00fa\u00f1ez. La ceremonia se desarroll\u00f3 en el Sal\u00f3n de Honor del Senado y cont\u00f3 con la presencia de diputados, senadores y delegaciones internacionales, entre ellas el <strong>rey Felipe VI de Espa\u00f1a<\/strong> y varios jefes de Estado de la regi\u00f3n.<\/p>\n\n\n\n<p>Horas antes de asumir el cargo, Kast present\u00f3 su renuncia a la militancia del Partido Republicano, organizaci\u00f3n pol\u00edtica que fund\u00f3 el 10 de junio de 2019, con el objetivo de ejercer la presidencia sin afiliaci\u00f3n partidaria. Previamente, el nuevo jefe de Estado se reuni\u00f3 con su gabinete de ministros en el Palacio de Cerro Castillo, en Vi\u00f1a del Mar, donde realiz\u00f3 la primera fotograf\u00eda oficial con las autoridades que integrar\u00e1n su gobierno.<\/p>\n\n\n\n<p>Durante su campa\u00f1a electoral, Kast anunci\u00f3 que impulsar\u00e1 un \u201cgobierno de emergencia\u201d, con medidas enfocadas en seguridad, econom\u00eda y reconstrucci\u00f3n tras los incendios forestales registrados en las regiones de \u00d1uble, Biob\u00edo y La Araucan\u00eda.<\/p>\n\n\n\n<p>Tras el traspaso de mando, Gabriel Boric abandon\u00f3 el Congreso en calidad de expresidente, acompa\u00f1ado por los integrantes de su gabinete.<\/p>\n\n\n\n<p>Con el acto de juramento de los ministros de Estado, Kast inici\u00f3 formalmente su administraci\u00f3n y dio comienzo a su mandato al frente del Gobierno de Chile.<\/p>\n\n\n\n<p>\ud83d\udce2 Go Communication<br>\u00danete al grupo oficial de WhatsApp y Telegram\ud83d\udcf1 a trav\u00e9s de los siguientes enlaces: \ud83d\udd17\ud83d\udc47<br>\u27a1\ufe0f WhatsApp:\u00a0<a href=\"https:\/\/whatsapp.com\/channel\/0029Va7C0epA2pL4r3PiKa1F\" target=\"_blank\" rel=\"noreferrer noopener\">https:\/\/whatsapp.com\/channel\/0029Va7C0epA2pL4r3PiKa1F<\/a><br>\u27a1\ufe0f Telegram:\u00a0<a href=\"https:\/\/t.me\/GoCommunicationBolivia\">https:\/\/t.me\/GoCommunicationBolivia<\/a><\/p>\n","protected":false},"excerpt":{"rendered":"<p>Jos\u00e9 Antonio Kast jur\u00f3 como presidente de Chile para el periodo 2026-2030 durante una ceremonia realizada en el<\/p>\n","protected":false},"author":3,"featured_media":1304,"comment_status":"closed","ping_status":"closed","sticky":false,"template":"","format":"standard","meta":{"_monsterinsights_skip_tracking":false,"_monsterinsights_sitenote_active":false,"_monsterinsights_sitenote_note":"","_monsterinsights_sitenote_category":0,"footnotes":""},"categories":[9],"tags":[417,674,675],"class_list":["post-1303","post","type-post","status-publish","format-standard","has-post-thumbnail","hentry","category-internacional","tag-chile","tag-internacional","tag-jose-antonio-kast"],"_links":{"self":[{"href":"https:\/\/gocommunicationbol.com\/index.php?rest_route=\/wp\/v2\/posts\/1303","targetHints":{"allow":["GET"]}}],"collection":[{"href":"https:\/\/gocommunicationbol.com\/index.php?rest_route=\/wp\/v2\/posts"}],"about":[{"href":"https:\/\/gocommunicationbol.com\/index.php?rest_route=\/wp\/v2\/types\/post"}],"author":[{"embeddable":true,"href":"https:\/\/gocommunicationbol.com\/index.php?rest_route=\/wp\/v2\/users\/3"}],"replies":[{"embeddable":true,"href":"https:\/\/gocommunicationbol.com\/index.php?rest_route=%2Fwp%2Fv2%2Fcomments&post=1303"}],"version-history":[{"count":1,"href":"https:\/\/gocommunicationbol.com\/index.php?rest_route=\/wp\/v2\/posts\/1303\/revisions"}],"predecessor-version":[{"id":1305,"href":"https:\/\/gocommunicationbol.com\/index.php?rest_route=\/wp\/v2\/posts\/1303\/revisions\/1305"}],"wp:featuredmedia":[{"embeddable":true,"href":"https:\/\/gocommunicationbol.com\/index.php?rest_route=\/wp\/v2\/media\/1304"}],"wp:attachment":[{"href":"https:\/\/gocommunicationbol.com\/index.php?rest_route=%2Fwp%2Fv2%2Fmedia&parent=1303"}],"wp:term":[{"taxonomy":"category","embeddable":true,"href":"https:\/\/gocommunicationbol.com\/index.php?rest_route=%2Fwp%2Fv2%2Fcategories&post=1303"},{"taxonomy":"post_tag","embeddable":true,"href":"https:\/\/gocommunicationbol.com\/index.php?rest_route=%2Fwp%2Fv2%2Ftags&post=1303"}],"curies":[{"name":"wp","href":"https:\/\/api.w.org\/{rel}","templated":true}]}}