{"id":1297,"date":"2026-03-11T15:25:01","date_gmt":"2026-03-11T15:25:01","guid":{"rendered":"https:\/\/gocommunicationbol.com\/?p=1297"},"modified":"2026-03-11T15:25:04","modified_gmt":"2026-03-11T15:25:04","slug":"aprehenden-a-un-profesor-por-presunto-abuso-contra-seis-ninas","status":"publish","type":"post","link":"https:\/\/gocommunicationbol.com\/?p=1297","title":{"rendered":"Aprehenden a un profesor por presunto abuso contra seis ni\u00f1as"},"content":{"rendered":"\n<p><em>Un profesor de primaria fue aprehendido en Quillacollo por el presunto abuso sexual de seis ni\u00f1as de entre 7 y 9 a\u00f1os en una unidad educativa.<\/em><\/p>\n\n\n\n<p><strong>Cochabamba, 11 de marzo de 2026. &#8211;<\/strong> Un profesor de primaria de 42 a\u00f1os fue aprehendido en el municipio de Quillacollo en Cochabamba por el presunto abuso sexual contra seis ni\u00f1as de entre 7 y 9 a\u00f1os, caso que es investigado por el Ministerio P\u00fablico. El hombre permanece bajo custodia policial y aguarda su audiencia de medidas cautelares, en la que la justicia definir\u00e1 si ser\u00e1 enviado a detenci\u00f3n preventiva mientras contin\u00faan las investigaciones.<\/p>\n\n\n\n<p>Efectivos de la Fuerza Especial de Lucha Contra el Crimen (Felcc) ejecutaron la aprehensi\u00f3n el d\u00eda martes, luego de que la Fiscal\u00eda emitiera el mandamiento correspondiente dentro del proceso investigativo. El director de Igualdad de Oportunidades de la Alcald\u00eda de Quillacollo, Freddy Camacho, inform\u00f3 que la Defensor\u00eda de la Ni\u00f1ez y Adolescencia conoci\u00f3 el caso el 10 de febrero, cuando dos ni\u00f1as denunciaron inicialmente a su maestro. Un d\u00eda despu\u00e9s, el 11 de febrero, la instituci\u00f3n present\u00f3 la denuncia formal ante la Fiscal\u00eda, lo que permiti\u00f3 iniciar el proceso de investigaci\u00f3n.<\/p>\n\n\n\n<p>Durante las primeras indagaciones y tras recoger testimonios de compa\u00f1eros y testigos, las autoridades establecieron que los hechos presuntamente ocurrieron desde la gesti\u00f3n pasada. A partir de estas declaraciones, los investigadores identificaron a otras cuatro posibles v\u00edctimas, ampliando el caso a seis menores afectadas.<\/p>\n\n\n\n<p>Camacho explic\u00f3 que, una vez conocidos los indicios, las autoridades coordinaron con la Direcci\u00f3n Distrital de Educaci\u00f3n de Quillacollo para activar medidas de protecci\u00f3n para las estudiantes. Como parte de estas acciones, el docente fue apartado de la unidad educativa el 26 de febrero para evitar cualquier contacto con las alumnas mientras avanzaba la investigaci\u00f3n.<\/p>\n\n\n\n<p>En el proceso tambi\u00e9n se entrevist\u00f3 a varios estudiantes del curso donde el profesor impart\u00eda clases. Entre ellos se identific\u00f3 a dos menores varones como testigos, adem\u00e1s de otros alumnos que brindaron informaci\u00f3n relevante para el esclarecimiento de los hechos, por lo que la Defensor\u00eda de la Ni\u00f1ez y Adolescencia activ\u00f3 el protocolo de atenci\u00f3n para las v\u00edctimas, que incluye acompa\u00f1amiento psicol\u00f3gico y orientaci\u00f3n a las madres para iniciar terapias especializadas.<\/p>\n\n\n\n<p>Asimismo, las autoridades verificaron en qu\u00e9 otras unidades educativas trabaj\u00f3 el docente, con el objetivo de prevenir posibles riesgos para otros estudiantes.<\/p>\n\n\n\n<p>El caso gener\u00f3 preocupaci\u00f3n en la comunidad educativa debido a la edad de las presuntas v\u00edctimas, mientras la justicia define las medidas cautelares que enfrentar\u00e1 el profesor durante el proceso.<\/p>\n\n\n\n<p>\ud83d\udce2 Go Communication<br>\u00danete al grupo oficial de WhatsApp y Telegram\ud83d\udcf1 a trav\u00e9s de los siguientes enlaces: \ud83d\udd17\ud83d\udc47<br>\u27a1\ufe0f WhatsApp:\u00a0<a href=\"https:\/\/whatsapp.com\/channel\/0029Va7C0epA2pL4r3PiKa1F\" target=\"_blank\" rel=\"noreferrer noopener\">https:\/\/whatsapp.com\/channel\/0029Va7C0epA2pL4r3PiKa1F<\/a><br>\u27a1\ufe0f Telegram:\u00a0<a href=\"https:\/\/t.me\/GoCommunicationBolivia\">https:\/\/t.me\/GoCommunicationBolivia<\/a><\/p>\n","protected":false},"excerpt":{"rendered":"<p>Un profesor de primaria fue aprehendido en Quillacollo por el presunto abuso sexual de seis ni\u00f1as de entre<\/p>\n","protected":false},"author":3,"featured_media":1298,"comment_status":"closed","ping_status":"closed","sticky":false,"template":"","format":"standard","meta":{"_monsterinsights_skip_tracking":false,"_monsterinsights_sitenote_active":false,"_monsterinsights_sitenote_note":"","_monsterinsights_sitenote_category":0,"footnotes":""},"categories":[7,8],"tags":[669,670,133,668,671],"class_list":["post-1297","post","type-post","status-publish","format-standard","has-post-thumbnail","hentry","category-sociedad","category-seguridad","tag-abuso","tag-abuso-sexual","tag-cochabamba","tag-profesor","tag-quillacollo"],"_links":{"self":[{"href":"https:\/\/gocommunicationbol.com\/index.php?rest_route=\/wp\/v2\/posts\/1297","targetHints":{"allow":["GET"]}}],"collection":[{"href":"https:\/\/gocommunicationbol.com\/index.php?rest_route=\/wp\/v2\/posts"}],"about":[{"href":"https:\/\/gocommunicationbol.com\/index.php?rest_route=\/wp\/v2\/types\/post"}],"author":[{"embeddable":true,"href":"https:\/\/gocommunicationbol.com\/index.php?rest_route=\/wp\/v2\/users\/3"}],"replies":[{"embeddable":true,"href":"https:\/\/gocommunicationbol.com\/index.php?rest_route=%2Fwp%2Fv2%2Fcomments&post=1297"}],"version-history":[{"count":1,"href":"https:\/\/gocommunicationbol.com\/index.php?rest_route=\/wp\/v2\/posts\/1297\/revisions"}],"predecessor-version":[{"id":1299,"href":"https:\/\/gocommunicationbol.com\/index.php?rest_route=\/wp\/v2\/posts\/1297\/revisions\/1299"}],"wp:featuredmedia":[{"embeddable":true,"href":"https:\/\/gocommunicationbol.com\/index.php?rest_route=\/wp\/v2\/media\/1298"}],"wp:attachment":[{"href":"https:\/\/gocommunicationbol.com\/index.php?rest_route=%2Fwp%2Fv2%2Fmedia&parent=1297"}],"wp:term":[{"taxonomy":"category","embeddable":true,"href":"https:\/\/gocommunicationbol.com\/index.php?rest_route=%2Fwp%2Fv2%2Fcategories&post=1297"},{"taxonomy":"post_tag","embeddable":true,"href":"https:\/\/gocommunicationbol.com\/index.php?rest_route=%2Fwp%2Fv2%2Ftags&post=1297"}],"curies":[{"name":"wp","href":"https:\/\/api.w.org\/{rel}","templated":true}]}}