{"id":1290,"date":"2026-03-11T14:40:01","date_gmt":"2026-03-11T14:40:01","guid":{"rendered":"https:\/\/gocommunicationbol.com\/?p=1290"},"modified":"2026-03-11T14:40:03","modified_gmt":"2026-03-11T14:40:03","slug":"una-de-los-tres-ninos-envenenados-por-su-madre-continua-en-terapia-intensiva","status":"publish","type":"post","link":"https:\/\/gocommunicationbol.com\/?p=1290","title":{"rendered":"Una de los tres ni\u00f1os envenenados por su madre contin\u00faa en terapia intensiva"},"content":{"rendered":"\n<p><em>Uno de los tres ni\u00f1os envenenados en El Alto permanece en terapia intensiva; la Fiscal\u00eda investiga tentativa de infanticidio y busca a la madre.<\/em><\/p>\n\n\n\n<p><strong>El Alto, 11 de marzo de 2026. &#8211;<\/strong> Una ni\u00f1a de 11 a\u00f1os permanece en terapia intensiva con diagn\u00f3stico reservado tras el caso de envenenamiento de tres hermanos ocurrido en la ciudad de El Alto, mientras la Polic\u00eda contin\u00faa la b\u00fasqueda de la madre, se\u00f1alada como principal sospechosa.<\/p>\n\n\n\n<p>La coordinadora de Delitos Contra la Integridad Personal, Fabiola Pinto, inform\u00f3 que los otros dos menores afectados ya salieron de peligro, aunque presentan m\u00e1s de 40 d\u00edas de impedimento m\u00e9dico debido a las lesiones sufridas. \u201cLa ni\u00f1a de 11 a\u00f1os contin\u00faa en terapia intensiva, las otras dos v\u00edctimas tienen cada una m\u00e1s de 40 d\u00edas de incapacidad debido al modo en que ha actuado la progenitora, que ten\u00eda la finalidad de quitarles la vida\u201d.<\/p>\n\n\n\n<p>El caso se report\u00f3 el s\u00e1bado 7 de marzo, cuando tres ni\u00f1os resultaron heridos tras ingerir una sustancia t\u00f3xica presuntamente suministrada por su madre. El hecho ocurri\u00f3 en la ciudad de El Alto y actualmente es investigado por el Ministerio P\u00fablico.<\/p>\n\n\n\n<p>La funcionaria se\u00f1al\u00f3 que la investigaci\u00f3n avanz\u00f3 en la identificaci\u00f3n de la presunta autora, quien ser\u00eda la progenitora de las v\u00edctimas, y tambi\u00e9n de una segunda persona que podr\u00eda estar involucrada en el hecho. \u201cLa investigaci\u00f3n est\u00e1 avanzando, ya tenemos identificada a la persona que ser\u00eda la presunta autora, que es la progenitora de los menores de edad. Se tiene adem\u00e1s identificado a un presunto c\u00f3mplice o coautor\u201d.<\/p>\n\n\n\n<p>El proceso se investiga por el delito de tentativa de infanticidio, que establece penas de hasta 15 a\u00f1os de privaci\u00f3n de libertad, seg\u00fan la normativa penal vigente.<\/p>\n\n\n\n<p>Pinto inform\u00f3 que los investigadores ya tomaron la declaraci\u00f3n del padre de los menores y de dos testigos, quienes identificaron a la presunta responsable. Asimismo, los especialistas realizaron evaluaciones psicol\u00f3gicas a los ni\u00f1os con el objetivo de obtener sus testimonios sin generar revictimizaci\u00f3n. \u201cSe est\u00e1 realizando la b\u00fasqueda de la mujer y se contin\u00faa con la recolecci\u00f3n de elementos dentro de la investigaci\u00f3n\u201d, agreg\u00f3 la funcionaria.<\/p>\n\n\n\n<p>\ud83d\udce2 Go Communication<br>\u00danete al grupo oficial de WhatsApp y Telegram\ud83d\udcf1 a trav\u00e9s de los siguientes enlaces: \ud83d\udd17\ud83d\udc47<br>\u27a1\ufe0f WhatsApp:\u00a0<a href=\"https:\/\/whatsapp.com\/channel\/0029Va7C0epA2pL4r3PiKa1F\" target=\"_blank\" rel=\"noreferrer noopener\">https:\/\/whatsapp.com\/channel\/0029Va7C0epA2pL4r3PiKa1F<\/a><br>\u27a1\ufe0f Telegram:\u00a0<a href=\"https:\/\/t.me\/GoCommunicationBolivia\">https:\/\/t.me\/GoCommunicationBolivia<\/a><\/p>\n","protected":false},"excerpt":{"rendered":"<p>Uno de los tres ni\u00f1os envenenados en El Alto permanece en terapia intensiva; la Fiscal\u00eda investiga tentativa de<\/p>\n","protected":false},"author":3,"featured_media":1292,"comment_status":"closed","ping_status":"closed","sticky":false,"template":"","format":"standard","meta":{"_monsterinsights_skip_tracking":false,"_monsterinsights_sitenote_active":false,"_monsterinsights_sitenote_note":"","_monsterinsights_sitenote_category":0,"footnotes":""},"categories":[7],"tags":[147,649,570],"class_list":["post-1290","post","type-post","status-publish","format-standard","has-post-thumbnail","hentry","category-sociedad","tag-el-alto","tag-envenenados","tag-sociedad"],"_links":{"self":[{"href":"https:\/\/gocommunicationbol.com\/index.php?rest_route=\/wp\/v2\/posts\/1290","targetHints":{"allow":["GET"]}}],"collection":[{"href":"https:\/\/gocommunicationbol.com\/index.php?rest_route=\/wp\/v2\/posts"}],"about":[{"href":"https:\/\/gocommunicationbol.com\/index.php?rest_route=\/wp\/v2\/types\/post"}],"author":[{"embeddable":true,"href":"https:\/\/gocommunicationbol.com\/index.php?rest_route=\/wp\/v2\/users\/3"}],"replies":[{"embeddable":true,"href":"https:\/\/gocommunicationbol.com\/index.php?rest_route=%2Fwp%2Fv2%2Fcomments&post=1290"}],"version-history":[{"count":1,"href":"https:\/\/gocommunicationbol.com\/index.php?rest_route=\/wp\/v2\/posts\/1290\/revisions"}],"predecessor-version":[{"id":1293,"href":"https:\/\/gocommunicationbol.com\/index.php?rest_route=\/wp\/v2\/posts\/1290\/revisions\/1293"}],"wp:featuredmedia":[{"embeddable":true,"href":"https:\/\/gocommunicationbol.com\/index.php?rest_route=\/wp\/v2\/media\/1292"}],"wp:attachment":[{"href":"https:\/\/gocommunicationbol.com\/index.php?rest_route=%2Fwp%2Fv2%2Fmedia&parent=1290"}],"wp:term":[{"taxonomy":"category","embeddable":true,"href":"https:\/\/gocommunicationbol.com\/index.php?rest_route=%2Fwp%2Fv2%2Fcategories&post=1290"},{"taxonomy":"post_tag","embeddable":true,"href":"https:\/\/gocommunicationbol.com\/index.php?rest_route=%2Fwp%2Fv2%2Ftags&post=1290"}],"curies":[{"name":"wp","href":"https:\/\/api.w.org\/{rel}","templated":true}]}}