{"id":1285,"date":"2026-03-11T14:05:29","date_gmt":"2026-03-11T14:05:29","guid":{"rendered":"https:\/\/gocommunicationbol.com\/?p=1285"},"modified":"2026-03-11T14:10:24","modified_gmt":"2026-03-11T14:10:24","slug":"iran-se-retira-del-mundial-por-seguridad","status":"publish","type":"post","link":"https:\/\/gocommunicationbol.com\/?p=1285","title":{"rendered":"Ir\u00e1n se retira del Mundial por seguridad"},"content":{"rendered":"\n<p><em>El ministro de Deportes de Ir\u00e1n confirm\u00f3 que la selecci\u00f3n no participar\u00e1 en el Mundial 2026 por falta de condiciones de seguridad.<\/em><\/p>\n\n\n\n<p><strong>Teher\u00e1n, 11 de marzo de 2026.<\/strong> \u2014 El ministro de Deportes de Ir\u00e1n, <strong>Ahman Donyamali<\/strong>, confirm\u00f3 que la <strong>Selecci\u00f3n de f\u00fatbol de Ir\u00e1n<\/strong> no participar\u00e1 en el <strong>Copa Mundial de la FIFA 2026<\/strong>, debido a la falta de condiciones de seguridad en medio del conflicto en Medio Oriente.<\/p>\n\n\n\n<p>La autoridad explic\u00f3 que la decisi\u00f3n responde al contexto pol\u00edtico y militar que atraviesa el pa\u00eds. \u201cDespu\u00e9s de que el gobierno corrupto mat\u00f3 a nuestro l\u00edder, no hay condiciones que nos permitan participar en el Mundial\u201d, declar\u00f3 a medios internacionales.<\/p>\n\n\n\n<p>El <strong>Ministerio de Deportes de Ir\u00e1n<\/strong> indic\u00f3 que la situaci\u00f3n interna y el clima de tensi\u00f3n impiden garantizar la seguridad del equipo para disputar el torneo, que se desarrollar\u00e1 en <strong>Estados Unidos<\/strong>, <strong>Canad\u00e1<\/strong> y <strong>M\u00e9xico<\/strong>.<\/p>\n\n\n\n<figure class=\"wp-block-embed is-type-rich is-provider-twitter wp-block-embed-twitter\"><div class=\"wp-block-embed__wrapper\">\n<blockquote class=\"twitter-tweet\" data-width=\"550\" data-dnt=\"true\"><p lang=\"es\" dir=\"ltr\">\u26bdIr\u00e1n anuncia que su selecci\u00f3n no participar\u00e1 en el Mundial 2026 por falta de condiciones de seguridad \ud83c\uddee\ud83c\uddf7\ud83d\udcc4<br><br>\u2705Lee m\u00e1s\ud83d\udcc4<a href=\"https:\/\/t.co\/4L1FHzeofA\">https:\/\/t.co\/4L1FHzeofA<\/a><br><br>\ud83d\udfe2\u00danete a nuestro WhatsApp\ud83d\udcf2<a href=\"https:\/\/t.co\/SvVaKiy1hH\">https:\/\/t.co\/SvVaKiy1hH<\/a><a href=\"https:\/\/twitter.com\/hashtag\/Mundial2026?src=hash&amp;ref_src=twsrc%5Etfw\" target=\"_blank\" rel=\"noopener\">#Mundial2026<\/a> <a href=\"https:\/\/twitter.com\/hashtag\/Iran?src=hash&amp;ref_src=twsrc%5Etfw\" target=\"_blank\" rel=\"noopener\">#Iran<\/a> <a href=\"https:\/\/twitter.com\/hashtag\/Selecci%C3%B3nIran%C3%AD?src=hash&amp;ref_src=twsrc%5Etfw\" target=\"_blank\" rel=\"noopener\">#Selecci\u00f3nIran\u00ed<\/a> <a href=\"https:\/\/t.co\/hk3G4MD1rz\">pic.twitter.com\/hk3G4MD1rz<\/a><\/p>&mdash; Naci\u00f3n Deportiva (@NacionDeportBo) <a href=\"https:\/\/twitter.com\/NacionDeportBo\/status\/2031733800149922257?ref_src=twsrc%5Etfw\" target=\"_blank\" rel=\"noopener\">March 11, 2026<\/a><\/blockquote><script async src=\"https:\/\/platform.twitter.com\/widgets.js\" charset=\"utf-8\"><\/script>\n<\/div><\/figure>\n\n\n\n<p>Se espera que la <strong>FIFA<\/strong> emita un pronunciamiento oficial sobre la salida del combinado iran\u00ed y sobre los posibles cambios en la organizaci\u00f3n del torneo.<\/p>\n\n\n\n<p>La decisi\u00f3n tambi\u00e9n podr\u00eda influir en la reconfiguraci\u00f3n del repechaje internacional, instancia en la que participa la <strong>Selecci\u00f3n de f\u00fatbol de Bolivia<\/strong> en busca de un cupo para la Copa del Mundo.<\/p>\n\n\n\n<p>\ud83c\udf99Toda la informaci\u00f3n deportiva de Bolivia\ud83c\udde7\ud83c\uddf4y el mundo\ud83c\udf10<br>\ud83d\udfe2Grupo WhatsApp<br><a href=\"https:\/\/chat.whatsapp.com\/HcPXu0krtwm2Ba8BoJuvoJ\" target=\"_blank\" rel=\"noreferrer noopener\">https:\/\/chat.whatsapp.com\/HcPXu0krtwm2Ba8BoJuvoJ<\/a><\/p>\n","protected":false},"excerpt":{"rendered":"<p>El ministro de Deportes de Ir\u00e1n confirm\u00f3 que la selecci\u00f3n no participar\u00e1 en el Mundial 2026 por falta de condiciones de seguridad.<\/p>\n","protected":false},"author":2,"featured_media":1287,"comment_status":"closed","ping_status":"closed","sticky":false,"template":"","format":"standard","meta":{"_monsterinsights_skip_tracking":false,"_monsterinsights_sitenote_active":false,"_monsterinsights_sitenote_note":"","_monsterinsights_sitenote_category":0,"footnotes":""},"categories":[11],"tags":[662,663,188,661],"class_list":["post-1285","post","type-post","status-publish","format-standard","has-post-thumbnail","hentry","category-naciondeportiva","tag-ahman-donyamali","tag-copa-mundial-de-la-fifa-2026","tag-mundial-2026","tag-seleccion-de-iran"],"_links":{"self":[{"href":"https:\/\/gocommunicationbol.com\/index.php?rest_route=\/wp\/v2\/posts\/1285","targetHints":{"allow":["GET"]}}],"collection":[{"href":"https:\/\/gocommunicationbol.com\/index.php?rest_route=\/wp\/v2\/posts"}],"about":[{"href":"https:\/\/gocommunicationbol.com\/index.php?rest_route=\/wp\/v2\/types\/post"}],"author":[{"embeddable":true,"href":"https:\/\/gocommunicationbol.com\/index.php?rest_route=\/wp\/v2\/users\/2"}],"replies":[{"embeddable":true,"href":"https:\/\/gocommunicationbol.com\/index.php?rest_route=%2Fwp%2Fv2%2Fcomments&post=1285"}],"version-history":[{"count":2,"href":"https:\/\/gocommunicationbol.com\/index.php?rest_route=\/wp\/v2\/posts\/1285\/revisions"}],"predecessor-version":[{"id":1291,"href":"https:\/\/gocommunicationbol.com\/index.php?rest_route=\/wp\/v2\/posts\/1285\/revisions\/1291"}],"wp:featuredmedia":[{"embeddable":true,"href":"https:\/\/gocommunicationbol.com\/index.php?rest_route=\/wp\/v2\/media\/1287"}],"wp:attachment":[{"href":"https:\/\/gocommunicationbol.com\/index.php?rest_route=%2Fwp%2Fv2%2Fmedia&parent=1285"}],"wp:term":[{"taxonomy":"category","embeddable":true,"href":"https:\/\/gocommunicationbol.com\/index.php?rest_route=%2Fwp%2Fv2%2Fcategories&post=1285"},{"taxonomy":"post_tag","embeddable":true,"href":"https:\/\/gocommunicationbol.com\/index.php?rest_route=%2Fwp%2Fv2%2Ftags&post=1285"}],"curies":[{"name":"wp","href":"https:\/\/api.w.org\/{rel}","templated":true}]}}