{"id":1282,"date":"2026-03-11T13:39:05","date_gmt":"2026-03-11T13:39:05","guid":{"rendered":"https:\/\/gocommunicationbol.com\/?p=1282"},"modified":"2026-03-11T13:39:08","modified_gmt":"2026-03-11T13:39:08","slug":"segun-un-informe-bolivia-mantiene-una-alta-restriccion-a-la-libertad-de-prensa","status":"publish","type":"post","link":"https:\/\/gocommunicationbol.com\/?p=1282","title":{"rendered":"Seg\u00fan un informe, Bolivia mantiene una alta restricci\u00f3n a la libertad de prensa"},"content":{"rendered":"\n<p><em>El \u00cdndice Chapultepec 2025 de la SIP ubic\u00f3 a Bolivia con 37,12 puntos sobre 100 y mantuvo al pa\u00eds en la categor\u00eda de alta restricci\u00f3n.<\/em><\/p>\n\n\n\n<p><strong>11 de marzo de 2026. &#8211;<\/strong> Bolivia se mantuvo en la franja de \u201cAlta restricci\u00f3n\u201d en libertad de prensa, seg\u00fan el \u00cdndice Chapultepec 2025 de la Sociedad Interamericana de Prensa (SIP), que otorg\u00f3 al pa\u00eds 37,12 puntos sobre un m\u00e1ximo de 100. El informe registr\u00f3 una leve mejora de 4,56 puntos respecto a 2024, lo que permiti\u00f3 a Bolivia subir del puesto 18 al 15 entre 22 pa\u00edses evaluados, aunque el avance no modific\u00f3 su clasificaci\u00f3n dentro de la categor\u00eda de alta restricci\u00f3n, en la que permanece desde 2023.<\/p>\n\n\n\n<p>La medici\u00f3n corresponde al periodo entre el 2 de noviembre de 2024 y el 1 de noviembre de 2025, etapa en la que el pa\u00eds a\u00fan era gobernado por Luis Arce (2020-2025). El documento se\u00f1al\u00f3 que \u201cbajo el Gobierno de Luis Arce, la sostenibilidad de los medios ha padecido la discriminaci\u00f3n en las pautas publicitarias, la fiscalizaci\u00f3n y sanciones tributarias, as\u00ed como el lenguaje de estigmatizaci\u00f3n a la prensa independiente\u201d.<\/p>\n\n\n\n<p>El \u00cdndice Chapultepec tambi\u00e9n evalu\u00f3 tres dimensiones relacionadas con la libertad de expresi\u00f3n. En Ciudadan\u00eda Informada y Libre de Expresarse, Bolivia obtuvo 7,94 puntos de un m\u00e1ximo de 30. Mientras que en la categor\u00eda Actuaciones del Estado contra la Violencia contra Medios y Periodistas, el pa\u00eds registr\u00f3 14,68 puntos sobre 40. Y en cuanto a Control de Medios y Periodismo alcanz\u00f3 14,50 puntos de un m\u00e1ximo de 30, calificaci\u00f3n que el reporte ubic\u00f3 por debajo del nivel medio.<\/p>\n\n\n\n<p>El documento tambi\u00e9n indic\u00f3 que el entorno del Estado con mayor influencia en situaciones desfavorables para la libertad de prensa fue el poder Ejecutivo, al que el informe atribuy\u00f3 un grado de incidencia \u201cfuerte\u201d durante el periodo analizado. Asimismo, se\u00f1al\u00f3 que el poder Legislativo mantuvo proyectos sin tratamiento, entre ellos el proyecto de Ley de Acceso a la Informaci\u00f3n P\u00fablica, y analiz\u00f3 otra propuesta destinada a establecer mecanismos de protecci\u00f3n para periodistas, que fue cuestionada por organizaciones del sector al considerar que podr\u00eda generar controles sobre el ejercicio profesional. El informe tambi\u00e9n mencion\u00f3 que el poder Judicial tramit\u00f3 denuncias contra periodistas relacionadas con publicaciones cr\u00edticas hacia autoridades locales o actores econ\u00f3micos.<\/p>\n\n\n\n<p>Finalmente, el reporte record\u00f3 que en 2025 se suspendi\u00f3 el juicio y se otorg\u00f3 libertad condicional a los implicados en el secuestro y tortura de siete periodistas ocurrido en 2021 en Santa Cruz, situaci\u00f3n que, seg\u00fan el documento, reflej\u00f3 la persistencia de la impunidad en casos de violencia contra la prensa.<\/p>\n\n\n\n<p>\ud83d\udce2 Go Communication<br>\u00danete al grupo oficial de WhatsApp y Telegram\ud83d\udcf1 a trav\u00e9s de los siguientes enlaces: \ud83d\udd17\ud83d\udc47<br>\u27a1\ufe0f WhatsApp:\u00a0<a href=\"https:\/\/whatsapp.com\/channel\/0029Va7C0epA2pL4r3PiKa1F\" target=\"_blank\" rel=\"noreferrer noopener\">https:\/\/whatsapp.com\/channel\/0029Va7C0epA2pL4r3PiKa1F<\/a><br>\u27a1\ufe0f Telegram:\u00a0<a href=\"https:\/\/t.me\/GoCommunicationBolivia\">https:\/\/t.me\/GoCommunicationBolivia<\/a><\/p>\n","protected":false},"excerpt":{"rendered":"<p>El \u00cdndice Chapultepec 2025 de la SIP ubic\u00f3 a Bolivia con 37,12 puntos sobre 100 y mantuvo al<\/p>\n","protected":false},"author":3,"featured_media":1283,"comment_status":"closed","ping_status":"closed","sticky":false,"template":"","format":"standard","meta":{"_monsterinsights_skip_tracking":false,"_monsterinsights_sitenote_active":false,"_monsterinsights_sitenote_note":"","_monsterinsights_sitenote_category":0,"footnotes":""},"categories":[7],"tags":[659,660,570],"class_list":["post-1282","post","type-post","status-publish","format-standard","has-post-thumbnail","hentry","category-sociedad","tag-libertad-de-prensa","tag-prensa","tag-sociedad"],"_links":{"self":[{"href":"https:\/\/gocommunicationbol.com\/index.php?rest_route=\/wp\/v2\/posts\/1282","targetHints":{"allow":["GET"]}}],"collection":[{"href":"https:\/\/gocommunicationbol.com\/index.php?rest_route=\/wp\/v2\/posts"}],"about":[{"href":"https:\/\/gocommunicationbol.com\/index.php?rest_route=\/wp\/v2\/types\/post"}],"author":[{"embeddable":true,"href":"https:\/\/gocommunicationbol.com\/index.php?rest_route=\/wp\/v2\/users\/3"}],"replies":[{"embeddable":true,"href":"https:\/\/gocommunicationbol.com\/index.php?rest_route=%2Fwp%2Fv2%2Fcomments&post=1282"}],"version-history":[{"count":1,"href":"https:\/\/gocommunicationbol.com\/index.php?rest_route=\/wp\/v2\/posts\/1282\/revisions"}],"predecessor-version":[{"id":1284,"href":"https:\/\/gocommunicationbol.com\/index.php?rest_route=\/wp\/v2\/posts\/1282\/revisions\/1284"}],"wp:featuredmedia":[{"embeddable":true,"href":"https:\/\/gocommunicationbol.com\/index.php?rest_route=\/wp\/v2\/media\/1283"}],"wp:attachment":[{"href":"https:\/\/gocommunicationbol.com\/index.php?rest_route=%2Fwp%2Fv2%2Fmedia&parent=1282"}],"wp:term":[{"taxonomy":"category","embeddable":true,"href":"https:\/\/gocommunicationbol.com\/index.php?rest_route=%2Fwp%2Fv2%2Fcategories&post=1282"},{"taxonomy":"post_tag","embeddable":true,"href":"https:\/\/gocommunicationbol.com\/index.php?rest_route=%2Fwp%2Fv2%2Ftags&post=1282"}],"curies":[{"name":"wp","href":"https:\/\/api.w.org\/{rel}","templated":true}]}}