{"id":1275,"date":"2026-03-10T18:04:58","date_gmt":"2026-03-10T18:04:58","guid":{"rendered":"https:\/\/gocommunicationbol.com\/?p=1275"},"modified":"2026-03-10T18:05:01","modified_gmt":"2026-03-10T18:05:01","slug":"aprehenden-a-implicado-en-avasallamientos-de-las-londras","status":"publish","type":"post","link":"https:\/\/gocommunicationbol.com\/?p=1275","title":{"rendered":"Aprehenden a implicado en avasallamientos de Las Londras"},"content":{"rendered":"\n<p><em><em>Vicente Ollisco Jamira fue detenido por su presunta participaci\u00f3n en avasallamientos y el ataque a polic\u00edas en predios de Las Londras.<\/em><\/em><\/p>\n\n\n\n<p><strong>Santa Cruz, 10 de marzo de 2026.<\/strong> \u2014 La Polic\u00eda aprehendi\u00f3 a <strong>Vicente Ollisco Jamira<\/strong>, se\u00f1alado como presunto <strong>cabecilla de los avasallamientos registrados en predios de Las Londras<\/strong>, en el departamento de Santa Cruz.<\/p>\n\n\n\n<p>El investigado es acusado de participar en la toma de las propiedades <strong>Santa Rita, Santa Mar\u00eda, Sant Agro y Los Ciervos<\/strong>, adem\u00e1s de su presunta implicaci\u00f3n en el <strong>ataque a efectivos policiales<\/strong> ocurrido en esa zona.<\/p>\n\n\n\n<p>Seg\u00fan reportes oficiales, Ollisco Jamira se present\u00f3 en dependencias de la <strong>Fuerza Especial de Lucha Contra el Crimen (Felcc)<\/strong>, donde fue detenido debido a que <strong>pesaba en su contra un mandamiento de aprehensi\u00f3n<\/strong>.<\/p>\n\n\n\n<p>El abogado <strong>\u00c1lvaro La Torre<\/strong> inform\u00f3 que el proceso contin\u00faa y que <strong>al menos 12 personas m\u00e1s cuentan con \u00f3rdenes de aprehensi\u00f3n<\/strong> dentro de la misma investigaci\u00f3n.<\/p>\n\n\n\n<p>Las autoridades indicaron que las investigaciones siguen en curso para esclarecer los hechos relacionados con los avasallamientos y el ataque contra polic\u00edas en la zona de Las Londras.<\/p>\n\n\n\n<p>\ud83d\udce2 Go Communication<br>\u00danete al grupo oficial de WhatsApp y Telegram\ud83d\udcf1 a trav\u00e9s de los siguientes enlaces: \ud83d\udd17\ud83d\udc47<br>\u27a1\ufe0f WhatsApp:\u00a0<a href=\"https:\/\/whatsapp.com\/channel\/0029Va7C0epA2pL4r3PiKa1F\" target=\"_blank\" rel=\"noreferrer noopener\">https:\/\/whatsapp.com\/channel\/0029Va7C0epA2pL4r3PiKa1F<\/a><br>\u27a1\ufe0f Telegram:\u00a0<a href=\"https:\/\/t.me\/GoCommunicationBolivia\">https:\/\/t.me\/GoCommunicationBolivia<\/a><\/p>\n","protected":false},"excerpt":{"rendered":"<p>Vicente Ollisco Jamira fue detenido por su presunta participaci\u00f3n en avasallamientos y el ataque a polic\u00edas en predios de Las Londras.<\/p>\n","protected":false},"author":2,"featured_media":1276,"comment_status":"closed","ping_status":"closed","sticky":false,"template":"","format":"standard","meta":{"_monsterinsights_skip_tracking":false,"_monsterinsights_sitenote_active":false,"_monsterinsights_sitenote_note":"","_monsterinsights_sitenote_category":0,"footnotes":""},"categories":[8],"tags":[658,657,656],"class_list":["post-1275","post","type-post","status-publish","format-standard","has-post-thumbnail","hentry","category-seguridad","tag-avasallamiento","tag-las-londras","tag-vicente-ollisco-jamira"],"_links":{"self":[{"href":"https:\/\/gocommunicationbol.com\/index.php?rest_route=\/wp\/v2\/posts\/1275","targetHints":{"allow":["GET"]}}],"collection":[{"href":"https:\/\/gocommunicationbol.com\/index.php?rest_route=\/wp\/v2\/posts"}],"about":[{"href":"https:\/\/gocommunicationbol.com\/index.php?rest_route=\/wp\/v2\/types\/post"}],"author":[{"embeddable":true,"href":"https:\/\/gocommunicationbol.com\/index.php?rest_route=\/wp\/v2\/users\/2"}],"replies":[{"embeddable":true,"href":"https:\/\/gocommunicationbol.com\/index.php?rest_route=%2Fwp%2Fv2%2Fcomments&post=1275"}],"version-history":[{"count":1,"href":"https:\/\/gocommunicationbol.com\/index.php?rest_route=\/wp\/v2\/posts\/1275\/revisions"}],"predecessor-version":[{"id":1277,"href":"https:\/\/gocommunicationbol.com\/index.php?rest_route=\/wp\/v2\/posts\/1275\/revisions\/1277"}],"wp:featuredmedia":[{"embeddable":true,"href":"https:\/\/gocommunicationbol.com\/index.php?rest_route=\/wp\/v2\/media\/1276"}],"wp:attachment":[{"href":"https:\/\/gocommunicationbol.com\/index.php?rest_route=%2Fwp%2Fv2%2Fmedia&parent=1275"}],"wp:term":[{"taxonomy":"category","embeddable":true,"href":"https:\/\/gocommunicationbol.com\/index.php?rest_route=%2Fwp%2Fv2%2Fcategories&post=1275"},{"taxonomy":"post_tag","embeddable":true,"href":"https:\/\/gocommunicationbol.com\/index.php?rest_route=%2Fwp%2Fv2%2Ftags&post=1275"}],"curies":[{"name":"wp","href":"https:\/\/api.w.org\/{rel}","templated":true}]}}