{"id":1270,"date":"2026-03-10T15:50:27","date_gmt":"2026-03-10T15:50:27","guid":{"rendered":"https:\/\/gocommunicationbol.com\/?p=1270"},"modified":"2026-03-10T15:57:43","modified_gmt":"2026-03-10T15:57:43","slug":"ue-investiga-a-claure-y-shein-por-venta-de-productos-ilegales","status":"publish","type":"post","link":"https:\/\/gocommunicationbol.com\/?p=1270","title":{"rendered":"UE investiga a Claure y Shein  por venta de productos ilegales"},"content":{"rendered":"\n<p><em>La Comisi\u00f3n Europea abri\u00f3 una investigaci\u00f3n contra Shein, empresa donde Marcelo Claure es vicepresidente, por presunta venta de productos ilegales.<\/em><\/p>\n\n\n\n<p><strong>Bruselas, 10 de marzo de 2026.<\/strong> \u2014 La <strong>Comisi\u00f3n Europea<\/strong> inici\u00f3 una <strong>investigaci\u00f3n formal contra la empresa Shein<\/strong>, plataforma internacional de comercio electr\u00f3nico donde el empresario boliviano <strong>Marcelo Claure<\/strong> ocupa el cargo de vicepresidente.<\/p>\n\n\n\n<p>La investigaci\u00f3n se desarrolla bajo la <strong>Ley de Servicios Digitales de la Uni\u00f3n Europea (DSA)<\/strong>, normativa vigente desde finales de 2023 que establece obligaciones estrictas para las grandes plataformas digitales que operan en el mercado europeo.<\/p>\n\n\n\n<p>Seg\u00fan el comunicado oficial, la pesquisa se centra en <strong>tres \u00e1reas principales<\/strong>: la presunta venta de productos ilegales dentro de la plataforma, entre ellos armas y mu\u00f1ecas sexuales con apariencia infantil; el uso de <strong>t\u00e9cnicas de dise\u00f1o consideradas adictivas<\/strong> para mantener la atenci\u00f3n de los usuarios; y la <strong>falta de transparencia en los sistemas de recomendaci\u00f3n de productos<\/strong>.<\/p>\n\n\n\n<figure class=\"wp-block-embed is-type-rich is-provider-twitter wp-block-embed-twitter\"><div class=\"wp-block-embed__wrapper\">\n<blockquote class=\"twitter-tweet\" data-width=\"550\" data-dnt=\"true\"><p lang=\"es\" dir=\"ltr\">\u2696\ufe0fComisi\u00f3n Europea abre investigaci\u00f3n contra Shein, donde Marcelo Claure es vicepresidente, por presunta venta de productos ilegales \ud83d\udcc4\ud83d\udecd\ufe0f<br><br>Lee m\u00e1s\ud83d\udc47<a href=\"https:\/\/t.co\/MKJVDoR3Lt\">https:\/\/t.co\/MKJVDoR3Lt<\/a><br><br>\ud83d\udfe2WhatsApp\ud83d\udfe3<a href=\"https:\/\/t.co\/MyifShKEPu\">https:\/\/t.co\/MyifShKEPu<\/a><a href=\"https:\/\/twitter.com\/hashtag\/Shein?src=hash&amp;ref_src=twsrc%5Etfw\" target=\"_blank\" rel=\"noopener\">#Shein<\/a> <a href=\"https:\/\/twitter.com\/hashtag\/MarceloClaure?src=hash&amp;ref_src=twsrc%5Etfw\" target=\"_blank\" rel=\"noopener\">#MarceloClaure<\/a> <a href=\"https:\/\/twitter.com\/hashtag\/Investigaci%C3%B3n?src=hash&amp;ref_src=twsrc%5Etfw\" target=\"_blank\" rel=\"noopener\">#Investigaci\u00f3n<\/a> <a href=\"https:\/\/twitter.com\/hashtag\/Uni%C3%B3nEuropea?src=hash&amp;ref_src=twsrc%5Etfw\" target=\"_blank\" rel=\"noopener\">#Uni\u00f3nEuropea<\/a> <a href=\"https:\/\/t.co\/Ns56aU1a8M\">pic.twitter.com\/Ns56aU1a8M<\/a><\/p>&mdash; Go Communication Bolivia (@GoComBolivia) <a href=\"https:\/\/twitter.com\/GoComBolivia\/status\/2031397906389803333?ref_src=twsrc%5Etfw\" target=\"_blank\" rel=\"noopener\">March 10, 2026<\/a><\/blockquote><script async src=\"https:\/\/platform.twitter.com\/widgets.js\" charset=\"utf-8\"><\/script>\n<\/div><\/figure>\n\n\n\n<p>La Comisi\u00f3n evaluar\u00e1 si la empresa incumpli\u00f3 obligaciones establecidas en la DSA, particularmente en lo relacionado con <strong>riesgos para el bienestar de los usuarios y la protecci\u00f3n de menores<\/strong>.<\/p>\n\n\n\n<p>Seg\u00fan el portal Euronews, con esta investigaci\u00f3n, Shein y su equipo directivo, incluido Claure, quedan bajo el escrutinio de las autoridades europeas en un contexto de <strong>mayor regulaci\u00f3n sobre las plataformas globales de comercio electr\u00f3nico<\/strong>.<\/p>\n\n\n\n<p>Claure anunci\u00f3 en 2023 su incorporaci\u00f3n como vicepresidente del grupo mediante una publicaci\u00f3n en la red social X, donde expres\u00f3 que su rol reflejaba su compromiso con el modelo de negocio de la empresa y su expansi\u00f3n internacional.<\/p>\n\n\n\n<p>\ud83d\udce2 Go Communication<br>\u00danete al grupo oficial de WhatsApp y Telegram\ud83d\udcf1 a trav\u00e9s de los siguientes enlaces: \ud83d\udd17\ud83d\udc47<br>\u27a1\ufe0f WhatsApp:\u00a0<a href=\"https:\/\/whatsapp.com\/channel\/0029Va7C0epA2pL4r3PiKa1F\" target=\"_blank\" rel=\"noreferrer noopener\">https:\/\/whatsapp.com\/channel\/0029Va7C0epA2pL4r3PiKa1F<\/a><br>\u27a1\ufe0f Telegram:\u00a0<a href=\"https:\/\/t.me\/GoCommunicationBolivia\">https:\/\/t.me\/GoCommunicationBolivia<\/a><\/p>\n","protected":false},"excerpt":{"rendered":"<p>La Comisi\u00f3n Europea abri\u00f3 una investigaci\u00f3n contra Shein, empresa donde Marcelo Claure es vicepresidente, por presunta venta de productos ilegales.<\/p>\n","protected":false},"author":2,"featured_media":1271,"comment_status":"closed","ping_status":"closed","sticky":false,"template":"","format":"standard","meta":{"_monsterinsights_skip_tracking":false,"_monsterinsights_sitenote_active":false,"_monsterinsights_sitenote_note":"","_monsterinsights_sitenote_category":0,"footnotes":""},"categories":[9,7],"tags":[653,651,654,652,655],"class_list":["post-1270","post","type-post","status-publish","format-standard","has-post-thumbnail","hentry","category-internacional","category-sociedad","tag-euronews","tag-marcelo-claure","tag-proteccion-de-menores","tag-shein","tag-union-europea"],"_links":{"self":[{"href":"https:\/\/gocommunicationbol.com\/index.php?rest_route=\/wp\/v2\/posts\/1270","targetHints":{"allow":["GET"]}}],"collection":[{"href":"https:\/\/gocommunicationbol.com\/index.php?rest_route=\/wp\/v2\/posts"}],"about":[{"href":"https:\/\/gocommunicationbol.com\/index.php?rest_route=\/wp\/v2\/types\/post"}],"author":[{"embeddable":true,"href":"https:\/\/gocommunicationbol.com\/index.php?rest_route=\/wp\/v2\/users\/2"}],"replies":[{"embeddable":true,"href":"https:\/\/gocommunicationbol.com\/index.php?rest_route=%2Fwp%2Fv2%2Fcomments&post=1270"}],"version-history":[{"count":2,"href":"https:\/\/gocommunicationbol.com\/index.php?rest_route=\/wp\/v2\/posts\/1270\/revisions"}],"predecessor-version":[{"id":1274,"href":"https:\/\/gocommunicationbol.com\/index.php?rest_route=\/wp\/v2\/posts\/1270\/revisions\/1274"}],"wp:featuredmedia":[{"embeddable":true,"href":"https:\/\/gocommunicationbol.com\/index.php?rest_route=\/wp\/v2\/media\/1271"}],"wp:attachment":[{"href":"https:\/\/gocommunicationbol.com\/index.php?rest_route=%2Fwp%2Fv2%2Fmedia&parent=1270"}],"wp:term":[{"taxonomy":"category","embeddable":true,"href":"https:\/\/gocommunicationbol.com\/index.php?rest_route=%2Fwp%2Fv2%2Fcategories&post=1270"},{"taxonomy":"post_tag","embeddable":true,"href":"https:\/\/gocommunicationbol.com\/index.php?rest_route=%2Fwp%2Fv2%2Ftags&post=1270"}],"curies":[{"name":"wp","href":"https:\/\/api.w.org\/{rel}","templated":true}]}}