{"id":1261,"date":"2026-03-10T13:10:48","date_gmt":"2026-03-10T13:10:48","guid":{"rendered":"https:\/\/gocommunicationbol.com\/?p=1261"},"modified":"2026-03-10T14:15:16","modified_gmt":"2026-03-10T14:15:16","slug":"si-mi-mama-se-entera-se-va-a-enojar-mucho-adolescentes-chuteros-son-detenidos-en-chile","status":"publish","type":"post","link":"https:\/\/gocommunicationbol.com\/?p=1261","title":{"rendered":"\u00abSi mi mam\u00e1 se entera se va a enojar mucho\u00bb: Adolescentes &#8216;chuteros&#8217; son detenidos en Chile"},"content":{"rendered":"\n<p><em>Dos adolescentes bolivianos de 15 a\u00f1os fueron detenidos en Chile tras una persecuci\u00f3n militar cuando intentaban trasladar un veh\u00edculo robado hacia Bolivia.<\/em><\/p>\n\n\n\n<p><strong>La Paz, 10 de marzo de 2026. &#8211;<\/strong> Dos adolescentes bolivianos de 15 a\u00f1os fueron detenidos en Chile tras una persecuci\u00f3n realizada por militares del Ej\u00e9rcito chileno cuando intentaban trasladar hacia Bolivia un veh\u00edculo robado, inform\u00f3 el portal BioBio Chile. El hecho ocurri\u00f3 el 12 de enero de 2026, durante un patrullaje fronterizo en el sector Pisiga Choque, en la comuna de Colchane, cuando una patrulla militar detect\u00f3 un veh\u00edculo que circulaba con las luces apagadas y con las patentes dobladas.<\/p>\n\n\n\n<p>Seg\u00fan el reporte, los ocupantes del autom\u00f3vil no obedecieron la orden de detenerse, por lo que los militares iniciaron una persecuci\u00f3n por la ruta A-277, con direcci\u00f3n hacia la ruta internacional CH-15, que conecta con la frontera con Bolivia. Durante aproximadamente cinco minutos, el veh\u00edculo continu\u00f3 su huida hasta que perdi\u00f3 el control en un camino de tierra, impact\u00f3 contra un cerro y volc\u00f3, lo que permiti\u00f3 la intervenci\u00f3n de la patrulla.<\/p>\n\n\n\n<figure class=\"wp-block-embed is-type-video is-provider-tiktok wp-block-embed-tiktok\"><div class=\"wp-block-embed__wrapper\">\n<blockquote class=\"tiktok-embed\" cite=\"https:\/\/www.tiktok.com\/@gocommunicationbo\/video\/7615610176300748053\" data-video-id=\"7615610176300748053\" data-embed-from=\"oembed\" style=\"max-width:605px; min-width:325px;\"> <section> <a target=\"_blank\" title=\"@gocommunicationbo\" href=\"https:\/\/www.tiktok.com\/@gocommunicationbo?refer=embed\" rel=\"noopener\">@gocommunicationbo<\/a> <p>\ud83d\ude94Militares de Chile aprehenden a dos adolescentes bolivianos tras persecuci\u00f3n por traslado de veh\u00edculo robado hacia la frontera \ud83d\ude97\ud83d\udcc4 <a title=\"autoschutos\" target=\"_blank\" href=\"https:\/\/www.tiktok.com\/tag\/autoschutos?refer=embed\" rel=\"noopener\">#autoschutos<\/a> <a title=\"bolivia\" target=\"_blank\" href=\"https:\/\/www.tiktok.com\/tag\/bolivia?refer=embed\" rel=\"noopener\">#bolivia<\/a> <a title=\"chile\" target=\"_blank\" href=\"https:\/\/www.tiktok.com\/tag\/chile?refer=embed\" rel=\"noopener\">#chile<\/a> <a title=\"chuteros\" target=\"_blank\" href=\"https:\/\/www.tiktok.com\/tag\/chuteros?refer=embed\" rel=\"noopener\">#chuteros<\/a> <a title=\"boliviachile\" target=\"_blank\" href=\"https:\/\/www.tiktok.com\/tag\/boliviachile?refer=embed\" rel=\"noopener\">#boliviachile<\/a><\/p> <a target=\"_blank\" title=\"\u266c sonido original - Go Communication Bolivia - Go Communication Bolivia\" href=\"https:\/\/www.tiktok.com\/music\/sonido-original-Go-Communication-Bolivia-7615610270504864513?refer=embed\" rel=\"noopener\">\u266c sonido original &#8211; Go Communication Bolivia &#8211; Go Communication Bolivia<\/a> <\/section> <\/blockquote> <script async src=\"https:\/\/www.tiktok.com\/embed.js\"><\/script>\n<\/div><\/figure>\n\n\n\n<p>Tras el accidente, los militares identificaron a los ocupantes como dos adolescentes bolivianos de 15 a\u00f1os, quienes presuntamente intentaban trasladar el motorizado hacia territorio boliviano. \u00abTenemos 15 a\u00f1os y somos amigos. Tenemos miedo, si mi mam\u00e1 se entera se va a enojar mucho\u00bb, dijo entre sollozos uno de los menores al momento de su aprehensi\u00f3n, seg\u00fan el reporte difundido por el medio chileno.<\/p>\n\n\n\n<p>El veh\u00edculo involucrado, un Nissan Note con patente chilena, hab\u00eda sido robado a una persona que lo utilizaba para prestar servicios de transporte mediante aplicaciones en Iquique y Alto Hospicio. \u00abA nosotros nos pagaron para llevarlo a Bolivia, nada m\u00e1s\u00bb, afirm\u00f3 uno de los j\u00f3venes tras su detenci\u00f3n.<\/p>\n\n\n\n<p>El personal militar entreg\u00f3 a los menores a Carabineros de Chile. Antes de su traslado, ambos fueron evacuados en ambulancia al consultorio de Colchane para recibir atenci\u00f3n m\u00e9dica por las lesiones sufridas durante el accidente. Posteriormente, los adolescentes pasaron a control de detenci\u00f3n en el Juzgado de Garant\u00eda de Pozo Almonte.<\/p>\n\n\n\n<figure class=\"wp-block-embed is-type-rich is-provider-twitter wp-block-embed-twitter\"><div class=\"wp-block-embed__wrapper\">\n<blockquote class=\"twitter-tweet\" data-width=\"550\" data-dnt=\"true\"><p lang=\"es\" dir=\"ltr\">\ud83d\ude94Militares de Chile aprehenden a dos adolescentes bolivianos tras persecuci\u00f3n por traslado de veh\u00edculo robado hacia la frontera \ud83d\ude97\ud83d\udcc4<br><br>\ud83d\udfe2WhatsApp\ud83d\udfe3<a href=\"https:\/\/t.co\/MyifShKEPu\">https:\/\/t.co\/MyifShKEPu<\/a><a href=\"https:\/\/twitter.com\/hashtag\/AutosChutos?src=hash&amp;ref_src=twsrc%5Etfw\" target=\"_blank\" rel=\"noopener\">#AutosChutos<\/a> <a href=\"https:\/\/twitter.com\/hashtag\/Chile?src=hash&amp;ref_src=twsrc%5Etfw\" target=\"_blank\" rel=\"noopener\">#Chile<\/a> <a href=\"https:\/\/twitter.com\/hashtag\/Bolivia?src=hash&amp;ref_src=twsrc%5Etfw\" target=\"_blank\" rel=\"noopener\">#Bolivia<\/a> <a href=\"https:\/\/twitter.com\/hashtag\/Chuteros?src=hash&amp;ref_src=twsrc%5Etfw\" target=\"_blank\" rel=\"noopener\">#Chuteros<\/a> <a href=\"https:\/\/t.co\/fZ1PVraA1o\">pic.twitter.com\/fZ1PVraA1o<\/a><\/p>&mdash; Go Communication Bolivia (@GoComBolivia) <a href=\"https:\/\/twitter.com\/GoComBolivia\/status\/2031353704872321481?ref_src=twsrc%5Etfw\" target=\"_blank\" rel=\"noopener\">March 10, 2026<\/a><\/blockquote><script async src=\"https:\/\/platform.twitter.com\/widgets.js\" charset=\"utf-8\"><\/script>\n<\/div><\/figure>\n\n\n\n<p>De acuerdo con el Ministerio P\u00fablico de Chile, al tratarse de menores de edad extranjeros sin domicilio ni familiares en el pa\u00eds, el tribunal ofici\u00f3 al Juzgado de Familia, que orden\u00f3 el ingreso de ambos a la residencia Shekinah, dependiente del Servicio Nacional de Protecci\u00f3n Especializada a la Ni\u00f1ez y Adolescencia, mientras la justicia penal define su situaci\u00f3n jur\u00eddica.<\/p>\n\n\n\n<p>En Bolivia, el t\u00e9rmino \u201cchutero\u201d se utiliza para referirse a las personas dedicadas al contrabando de veh\u00edculos o \u201cautos chutos\u201d, motorizados que ingresan al pa\u00eds sin documentaci\u00f3n o sin el pago de impuestos aduaneros. Esta actividad suele vincularse con redes de robo y traslado internacional de veh\u00edculos para su posterior comercializaci\u00f3n.<\/p>\n\n\n\n<p>\ud83d\udce2 Go Communication<br>\u00danete al grupo oficial de WhatsApp y Telegram\ud83d\udcf1 a trav\u00e9s de los siguientes enlaces: \ud83d\udd17\ud83d\udc47<br>\u27a1\ufe0f WhatsApp:&nbsp;<a href=\"https:\/\/whatsapp.com\/channel\/0029Va7C0epA2pL4r3PiKa1F\" target=\"_blank\" rel=\"noreferrer noopener\">https:\/\/whatsapp.com\/channel\/0029Va7C0epA2pL4r3PiKa1F<\/a><br>\u27a1\ufe0f Telegram:&nbsp;<a href=\"https:\/\/t.me\/GoCommunicationBolivia\">https:\/\/t.me\/GoCommunicationBolivia<\/a><\/p>\n\n\n\n<figure class=\"wp-block-embed is-type-video is-provider-youtube wp-block-embed-youtube wp-embed-aspect-9-16 wp-has-aspect-ratio\"><div class=\"wp-block-embed__wrapper\">\n<iframe loading=\"lazy\" title=\"APREHENDEN A DOS ADOLESCENTES CHUTEROS DE BOLIVIA EN CHILE\" width=\"540\" height=\"960\" src=\"https:\/\/www.youtube.com\/embed\/VD7AOh11qv8?feature=oembed\" frameborder=\"0\" allow=\"accelerometer; autoplay; clipboard-write; encrypted-media; gyroscope; picture-in-picture; web-share\" referrerpolicy=\"strict-origin-when-cross-origin\" allowfullscreen><\/iframe>\n<\/div><\/figure>\n\n\n\n<p><\/p>\n","protected":false},"excerpt":{"rendered":"<p>Dos adolescentes bolivianos de 15 a\u00f1os fueron detenidos en Chile tras una persecuci\u00f3n militar cuando intentaban trasladar un<\/p>\n","protected":false},"author":3,"featured_media":1262,"comment_status":"closed","ping_status":"closed","sticky":false,"template":"","format":"standard","meta":{"_monsterinsights_skip_tracking":false,"_monsterinsights_sitenote_active":false,"_monsterinsights_sitenote_note":"","_monsterinsights_sitenote_category":0,"footnotes":""},"categories":[7,8],"tags":[648,417,560,570],"class_list":["post-1261","post","type-post","status-publish","format-standard","has-post-thumbnail","hentry","category-sociedad","category-seguridad","tag-autos-chutos","tag-chile","tag-seguridad","tag-sociedad"],"_links":{"self":[{"href":"https:\/\/gocommunicationbol.com\/index.php?rest_route=\/wp\/v2\/posts\/1261","targetHints":{"allow":["GET"]}}],"collection":[{"href":"https:\/\/gocommunicationbol.com\/index.php?rest_route=\/wp\/v2\/posts"}],"about":[{"href":"https:\/\/gocommunicationbol.com\/index.php?rest_route=\/wp\/v2\/types\/post"}],"author":[{"embeddable":true,"href":"https:\/\/gocommunicationbol.com\/index.php?rest_route=\/wp\/v2\/users\/3"}],"replies":[{"embeddable":true,"href":"https:\/\/gocommunicationbol.com\/index.php?rest_route=%2Fwp%2Fv2%2Fcomments&post=1261"}],"version-history":[{"count":2,"href":"https:\/\/gocommunicationbol.com\/index.php?rest_route=\/wp\/v2\/posts\/1261\/revisions"}],"predecessor-version":[{"id":1269,"href":"https:\/\/gocommunicationbol.com\/index.php?rest_route=\/wp\/v2\/posts\/1261\/revisions\/1269"}],"wp:featuredmedia":[{"embeddable":true,"href":"https:\/\/gocommunicationbol.com\/index.php?rest_route=\/wp\/v2\/media\/1262"}],"wp:attachment":[{"href":"https:\/\/gocommunicationbol.com\/index.php?rest_route=%2Fwp%2Fv2%2Fmedia&parent=1261"}],"wp:term":[{"taxonomy":"category","embeddable":true,"href":"https:\/\/gocommunicationbol.com\/index.php?rest_route=%2Fwp%2Fv2%2Fcategories&post=1261"},{"taxonomy":"post_tag","embeddable":true,"href":"https:\/\/gocommunicationbol.com\/index.php?rest_route=%2Fwp%2Fv2%2Ftags&post=1261"}],"curies":[{"name":"wp","href":"https:\/\/api.w.org\/{rel}","templated":true}]}}