{"id":1244,"date":"2026-03-09T15:35:44","date_gmt":"2026-03-09T15:35:44","guid":{"rendered":"https:\/\/gocommunicationbol.com\/?p=1244"},"modified":"2026-03-09T15:35:47","modified_gmt":"2026-03-09T15:35:47","slug":"organizaciones-altenas-entran-en-emergencia-por-plan-z-contra-evo","status":"publish","type":"post","link":"https:\/\/gocommunicationbol.com\/?p=1244","title":{"rendered":"Organizaciones alte\u00f1as entran en emergencia por \u201cPlan Z\u201d contra Evo"},"content":{"rendered":"\n<p><em>Organizaciones pertenecientes a la ciudad de El Alto se declararon en emergencia tras denunciar un supuesto \u201cPlan Z\u201d para detener al expresidente Evo Morales.<\/em><\/p>\n\n\n\n<p><strong>El Alto, 09 de marzo de 2026. &#8211;<\/strong> Organizaciones sociales y vecinos de la ciudad de El Alto denunciaron la existencia de un supuesto \u201cPlan Z\u201d para detener al expresidente Evo Morales y anunciaron que se declararon en estado de emergencia tras una reuni\u00f3n de an\u00e1lisis pol\u00edtico.<\/p>\n\n\n\n<p>Seg\u00fan el pronunciamiento difundido por representantes de estos sectores, el encuentro se realiz\u00f3 para evaluar la coyuntura pol\u00edtica nacional y definir acciones frente a lo que consideran un intento de aprehender al exmandatario y dirigente pol\u00edtico.<\/p>\n\n\n\n<p>Durante la reuni\u00f3n, los participantes afirmaron que el supuesto plan tendr\u00eda como objetivo \u201cdescabezar al movimiento popular\u201d mediante la detenci\u00f3n de Morales.<\/p>\n\n\n\n<p>Las organizaciones tambi\u00e9n cuestionaron al gobierno del presidente Rodrigo Paz, al que acusaron de actuar bajo influencia del presidente de Estados Unidos, Donald Trump y se\u00f1alaron que esta situaci\u00f3n, seg\u00fan su posici\u00f3n, afectar\u00eda la soberan\u00eda y los intereses del pa\u00eds.<\/p>\n\n\n\n<p>Los dirigentes indicaron que las organizaciones sociales de El Alto mantendr\u00e1n estado de emergencia mientras realizan seguimiento a la situaci\u00f3n pol\u00edtica relacionada con el exmandatario.<\/p>\n\n\n\n<p>\ud83d\udce2 Go Communication<br>\u00danete al grupo oficial de WhatsApp y Telegram\ud83d\udcf1 a trav\u00e9s de los siguientes enlaces: \ud83d\udd17\ud83d\udc47<br>\u27a1\ufe0f WhatsApp:\u00a0<a href=\"https:\/\/whatsapp.com\/channel\/0029Va7C0epA2pL4r3PiKa1F\" target=\"_blank\" rel=\"noreferrer noopener\">https:\/\/whatsapp.com\/channel\/0029Va7C0epA2pL4r3PiKa1F<\/a><br>\u27a1\ufe0f Telegram:\u00a0<a href=\"https:\/\/t.me\/GoCommunicationBolivia\">https:\/\/t.me\/GoCommunicationBolivia<\/a><\/p>\n","protected":false},"excerpt":{"rendered":"<p>Organizaciones pertenecientes a la ciudad de El Alto se declararon en emergencia tras denunciar un supuesto \u201cPlan Z\u201d<\/p>\n","protected":false},"author":3,"featured_media":1245,"comment_status":"closed","ping_status":"closed","sticky":false,"template":"","format":"standard","meta":{"_monsterinsights_skip_tracking":false,"_monsterinsights_sitenote_active":false,"_monsterinsights_sitenote_note":"","_monsterinsights_sitenote_category":0,"footnotes":""},"categories":[6,7],"tags":[147,607,100,571,570],"class_list":["post-1244","post","type-post","status-publish","format-standard","has-post-thumbnail","hentry","category-politica","category-sociedad","tag-el-alto","tag-evo","tag-evo-morales","tag-politica","tag-sociedad"],"_links":{"self":[{"href":"https:\/\/gocommunicationbol.com\/index.php?rest_route=\/wp\/v2\/posts\/1244","targetHints":{"allow":["GET"]}}],"collection":[{"href":"https:\/\/gocommunicationbol.com\/index.php?rest_route=\/wp\/v2\/posts"}],"about":[{"href":"https:\/\/gocommunicationbol.com\/index.php?rest_route=\/wp\/v2\/types\/post"}],"author":[{"embeddable":true,"href":"https:\/\/gocommunicationbol.com\/index.php?rest_route=\/wp\/v2\/users\/3"}],"replies":[{"embeddable":true,"href":"https:\/\/gocommunicationbol.com\/index.php?rest_route=%2Fwp%2Fv2%2Fcomments&post=1244"}],"version-history":[{"count":1,"href":"https:\/\/gocommunicationbol.com\/index.php?rest_route=\/wp\/v2\/posts\/1244\/revisions"}],"predecessor-version":[{"id":1246,"href":"https:\/\/gocommunicationbol.com\/index.php?rest_route=\/wp\/v2\/posts\/1244\/revisions\/1246"}],"wp:featuredmedia":[{"embeddable":true,"href":"https:\/\/gocommunicationbol.com\/index.php?rest_route=\/wp\/v2\/media\/1245"}],"wp:attachment":[{"href":"https:\/\/gocommunicationbol.com\/index.php?rest_route=%2Fwp%2Fv2%2Fmedia&parent=1244"}],"wp:term":[{"taxonomy":"category","embeddable":true,"href":"https:\/\/gocommunicationbol.com\/index.php?rest_route=%2Fwp%2Fv2%2Fcategories&post=1244"},{"taxonomy":"post_tag","embeddable":true,"href":"https:\/\/gocommunicationbol.com\/index.php?rest_route=%2Fwp%2Fv2%2Ftags&post=1244"}],"curies":[{"name":"wp","href":"https:\/\/api.w.org\/{rel}","templated":true}]}}