{"id":1241,"date":"2026-03-09T15:16:30","date_gmt":"2026-03-09T15:16:30","guid":{"rendered":"https:\/\/gocommunicationbol.com\/?p=1241"},"modified":"2026-03-09T15:16:35","modified_gmt":"2026-03-09T15:16:35","slug":"paz-propone-una-alianza-continental-tras-la-cumbre-escudo-de-las-americas","status":"publish","type":"post","link":"https:\/\/gocommunicationbol.com\/?p=1241","title":{"rendered":"Paz propone una alianza continental tras la Cumbre Escudo de las Am\u00e9ricas"},"content":{"rendered":"\n<p><em>Rodrigo Paz afirm\u00f3 en Miami que la cooperaci\u00f3n regional firmada en la Cumbre Escudo de las Am\u00e9ricas puede fortalecer la seguridad y la integraci\u00f3n del continente.<\/em><\/p>\n\n\n\n<p><strong>09 de marzo de 2026. &#8211; <\/strong>El presidente Rodrigo Paz afirm\u00f3 que el continente americano puede consolidar una alianza regional para fortalecer la seguridad y la integraci\u00f3n econ\u00f3mica, tras los acuerdos alcanzados en la Cumbre Escudo de las Am\u00e9ricas.<\/p>\n\n\n\n<p>Durante un conversatorio en el Centro Adam Smith para la Libertad Econ\u00f3mica de la Florida International University (FIU), en Miami, el mandatario se\u00f1al\u00f3 que la cooperaci\u00f3n regional abre una posibilidad de coordinaci\u00f3n entre pa\u00edses del hemisferio. \u201cSi Estados Unidos toma en serio la decisi\u00f3n que ayer se firm\u00f3, este va a ser el continente m\u00e1s poderoso del mundo\u201d. <\/p>\n\n\n\n<p>El jefe de Estado se refiri\u00f3 al acuerdo vinculado a la Coalici\u00f3n de las Am\u00e9ricas contra los C\u00e1rteles, una iniciativa que plantea cooperaci\u00f3n entre pa\u00edses para combatir el narcotr\u00e1fico, el crimen organizado y otras amenazas transnacionales. \u201cEs un paso decisivo para la seguridad regional y para una coordinaci\u00f3n continental firme que permita desarticular al crimen organizado\u201d, se\u00f1al\u00f3 el mandatario.<\/p>\n\n\n\n<h3 class=\"wp-block-heading\">Bolivia dentro de la cooperaci\u00f3n regional<\/h3>\n\n\n\n<p>Durante su exposici\u00f3n, Paz sostuvo que Bolivia puede desempe\u00f1ar un rol estrat\u00e9gico dentro del nuevo escenario regional, en el marco de una pol\u00edtica de cooperaci\u00f3n entre pa\u00edses vecinos. \u201cCuando generas una relaci\u00f3n como esta, tienes la esperanza de que ahora s\u00ed vamos a hacer un buen vecindario, vamos a tener una buena l\u00f3gica de vecinos y esa l\u00f3gica sin Bolivia no se puede entender\u201d, afirm\u00f3.<\/p>\n\n\n\n<p>El presidente tambi\u00e9n defendi\u00f3 la pol\u00edtica exterior de su gobierno bajo el concepto \u201cBolivia para el mundo y el mundo para Bolivia\u201d, que busca fortalecer relaciones internacionales y promover alianzas en seguridad, producci\u00f3n, tecnolog\u00eda, comercio y turismo.<\/p>\n\n\n\n<h3 class=\"wp-block-heading\">Agenda oficial en Estados Unidos<\/h3>\n\n\n\n<p>Durante su visita a Estados Unidos, el mandatario sostuvo reuniones con el secretario de Estado estadounidense, Marco Rubio, adem\u00e1s de encuentros con empresarios, acad\u00e9micos, analistas y l\u00edderes regionales.<\/p>\n\n\n\n<p>La Cumbre Escudo de las Am\u00e9ricas reuni\u00f3 a 12 mandatarios del continente, entre ellos el presidente de Argentina, Javier Milei, el presidente electo de Chile, Jos\u00e9 Antonio Kast, y el mandatario de El Salvador, Nayib Bukele, entre otros l\u00edderes regionales.<\/p>\n\n\n\n<p>\ud83d\udce2 Go Communication<br>\u00danete al grupo oficial de WhatsApp y Telegram\ud83d\udcf1 a trav\u00e9s de los siguientes enlaces: \ud83d\udd17\ud83d\udc47<br>\u27a1\ufe0f WhatsApp:\u00a0<a href=\"https:\/\/whatsapp.com\/channel\/0029Va7C0epA2pL4r3PiKa1F\" target=\"_blank\" rel=\"noreferrer noopener\">https:\/\/whatsapp.com\/channel\/0029Va7C0epA2pL4r3PiKa1F<\/a><br>\u27a1\ufe0f Telegram:\u00a0<a href=\"https:\/\/t.me\/GoCommunicationBolivia\">https:\/\/t.me\/GoCommunicationBolivia<\/a><\/p>\n","protected":false},"excerpt":{"rendered":"<p>Rodrigo Paz afirm\u00f3 en Miami que la cooperaci\u00f3n regional firmada en la Cumbre Escudo de las Am\u00e9ricas puede<\/p>\n","protected":false},"author":3,"featured_media":1242,"comment_status":"closed","ping_status":"closed","sticky":false,"template":"","format":"standard","meta":{"_monsterinsights_skip_tracking":false,"_monsterinsights_sitenote_active":false,"_monsterinsights_sitenote_note":"","_monsterinsights_sitenote_category":0,"footnotes":""},"categories":[6],"tags":[641,639,638,26],"class_list":["post-1241","post","type-post","status-publish","format-standard","has-post-thumbnail","hentry","category-politica","tag-america","tag-cumbre-escudo-de-las-americas","tag-presidente","tag-rodrigo-paz"],"_links":{"self":[{"href":"https:\/\/gocommunicationbol.com\/index.php?rest_route=\/wp\/v2\/posts\/1241","targetHints":{"allow":["GET"]}}],"collection":[{"href":"https:\/\/gocommunicationbol.com\/index.php?rest_route=\/wp\/v2\/posts"}],"about":[{"href":"https:\/\/gocommunicationbol.com\/index.php?rest_route=\/wp\/v2\/types\/post"}],"author":[{"embeddable":true,"href":"https:\/\/gocommunicationbol.com\/index.php?rest_route=\/wp\/v2\/users\/3"}],"replies":[{"embeddable":true,"href":"https:\/\/gocommunicationbol.com\/index.php?rest_route=%2Fwp%2Fv2%2Fcomments&post=1241"}],"version-history":[{"count":1,"href":"https:\/\/gocommunicationbol.com\/index.php?rest_route=\/wp\/v2\/posts\/1241\/revisions"}],"predecessor-version":[{"id":1243,"href":"https:\/\/gocommunicationbol.com\/index.php?rest_route=\/wp\/v2\/posts\/1241\/revisions\/1243"}],"wp:featuredmedia":[{"embeddable":true,"href":"https:\/\/gocommunicationbol.com\/index.php?rest_route=\/wp\/v2\/media\/1242"}],"wp:attachment":[{"href":"https:\/\/gocommunicationbol.com\/index.php?rest_route=%2Fwp%2Fv2%2Fmedia&parent=1241"}],"wp:term":[{"taxonomy":"category","embeddable":true,"href":"https:\/\/gocommunicationbol.com\/index.php?rest_route=%2Fwp%2Fv2%2Fcategories&post=1241"},{"taxonomy":"post_tag","embeddable":true,"href":"https:\/\/gocommunicationbol.com\/index.php?rest_route=%2Fwp%2Fv2%2Ftags&post=1241"}],"curies":[{"name":"wp","href":"https:\/\/api.w.org\/{rel}","templated":true}]}}