{"id":1238,"date":"2026-03-09T14:57:57","date_gmt":"2026-03-09T14:57:57","guid":{"rendered":"https:\/\/gocommunicationbol.com\/?p=1238"},"modified":"2026-03-09T14:58:00","modified_gmt":"2026-03-09T14:58:00","slug":"denuncian-el-vandalismo-del-monumento-a-sucre-en-la-paz","status":"publish","type":"post","link":"https:\/\/gocommunicationbol.com\/?p=1238","title":{"rendered":"Denuncian el vandalismo del monumento a Sucre en La Paz"},"content":{"rendered":"\n<p><em>La Alcald\u00eda de La Paz denunci\u00f3 la vandalizaci\u00f3n del monumento al Mariscal Antonio Jos\u00e9 de Sucre en la plaza del Estudiante con mensajes por el D\u00eda de la Mujer.<\/em><\/p>\n\n\n\n<p><strong>La Paz, 09 de marzo de 2026. &#8211;<\/strong> La Alcald\u00eda de La Paz denunci\u00f3 que el monumento al Mariscal Antonio Jos\u00e9 de Sucre, ubicado en la plaza del Estudiante, apareci\u00f3 con mensajes pintados relacionados con el D\u00eda Internacional de la Mujer. La municipalidad inform\u00f3 que esta es la tercera vez en un a\u00f1o que la estatua del pr\u00f3cer es objeto de actos de vandalismo.<\/p>\n\n\n\n<p>El 19 de marzo del a\u00f1o pasado, la imagen de Sucre apareci\u00f3 cubierta con un delantal, acci\u00f3n atribuida al colectivo Mujeres Creando. En aquella ocasi\u00f3n, el alcalde Iv\u00e1n Arias cuestion\u00f3 la intervenci\u00f3n mediante una publicaci\u00f3n en su cuenta en la red social X. \u201c\u00a1Duele! Nuestro ornato p\u00fablico da\u00f1ado, nuestros h\u00e9roes ridiculizados. No es reivindicaci\u00f3n, es vandalismo\u201d, escribi\u00f3 la autoridad municipal. Posteriormente, el 28 de junio, durante las actividades por el D\u00eda de las Diversidades, la estatua volvi\u00f3 a ser intervenida durante una jornada de protesta.<\/p>\n\n\n\n<p>La Alcald\u00eda tambi\u00e9n inform\u00f3 que otros monumentos de la ciudad fueron objeto de da\u00f1os en ocasiones anteriores, entre ellos las estatuas de Isabel la Cat\u00f3lica y Crist\u00f3bal Col\u00f3n. Bajo esa premisa, las autoridades ediles cuestionaron estas acciones y reiteraron la necesidad de preservar el patrimonio urbano y los espacios p\u00fablicos de la ciudad.<\/p>\n\n\n\n<p>\ud83d\udce2 Go Communication<br>\u00danete al grupo oficial de WhatsApp y Telegram\ud83d\udcf1 a trav\u00e9s de los siguientes enlaces: \ud83d\udd17\ud83d\udc47<br>\u27a1\ufe0f WhatsApp:\u00a0<a href=\"https:\/\/whatsapp.com\/channel\/0029Va7C0epA2pL4r3PiKa1F\" target=\"_blank\" rel=\"noreferrer noopener\">https:\/\/whatsapp.com\/channel\/0029Va7C0epA2pL4r3PiKa1F<\/a><br>\u27a1\ufe0f Telegram:\u00a0<a href=\"https:\/\/t.me\/GoCommunicationBolivia\">https:\/\/t.me\/GoCommunicationBolivia<\/a><\/p>\n","protected":false},"excerpt":{"rendered":"<p>La Alcald\u00eda de La Paz denunci\u00f3 la vandalizaci\u00f3n del monumento al Mariscal Antonio Jos\u00e9 de Sucre en la<\/p>\n","protected":false},"author":3,"featured_media":1239,"comment_status":"closed","ping_status":"closed","sticky":false,"template":"","format":"standard","meta":{"_monsterinsights_skip_tracking":false,"_monsterinsights_sitenote_active":false,"_monsterinsights_sitenote_note":"","_monsterinsights_sitenote_category":0,"footnotes":""},"categories":[7],"tags":[536,104,637],"class_list":["post-1238","post","type-post","status-publish","format-standard","has-post-thumbnail","hentry","category-sociedad","tag-alcaldia","tag-la-paz","tag-vandalismo"],"_links":{"self":[{"href":"https:\/\/gocommunicationbol.com\/index.php?rest_route=\/wp\/v2\/posts\/1238","targetHints":{"allow":["GET"]}}],"collection":[{"href":"https:\/\/gocommunicationbol.com\/index.php?rest_route=\/wp\/v2\/posts"}],"about":[{"href":"https:\/\/gocommunicationbol.com\/index.php?rest_route=\/wp\/v2\/types\/post"}],"author":[{"embeddable":true,"href":"https:\/\/gocommunicationbol.com\/index.php?rest_route=\/wp\/v2\/users\/3"}],"replies":[{"embeddable":true,"href":"https:\/\/gocommunicationbol.com\/index.php?rest_route=%2Fwp%2Fv2%2Fcomments&post=1238"}],"version-history":[{"count":1,"href":"https:\/\/gocommunicationbol.com\/index.php?rest_route=\/wp\/v2\/posts\/1238\/revisions"}],"predecessor-version":[{"id":1240,"href":"https:\/\/gocommunicationbol.com\/index.php?rest_route=\/wp\/v2\/posts\/1238\/revisions\/1240"}],"wp:featuredmedia":[{"embeddable":true,"href":"https:\/\/gocommunicationbol.com\/index.php?rest_route=\/wp\/v2\/media\/1239"}],"wp:attachment":[{"href":"https:\/\/gocommunicationbol.com\/index.php?rest_route=%2Fwp%2Fv2%2Fmedia&parent=1238"}],"wp:term":[{"taxonomy":"category","embeddable":true,"href":"https:\/\/gocommunicationbol.com\/index.php?rest_route=%2Fwp%2Fv2%2Fcategories&post=1238"},{"taxonomy":"post_tag","embeddable":true,"href":"https:\/\/gocommunicationbol.com\/index.php?rest_route=%2Fwp%2Fv2%2Ftags&post=1238"}],"curies":[{"name":"wp","href":"https:\/\/api.w.org\/{rel}","templated":true}]}}