{"id":1232,"date":"2026-03-09T14:11:57","date_gmt":"2026-03-09T14:11:57","guid":{"rendered":"https:\/\/gocommunicationbol.com\/?p=1232"},"modified":"2026-03-09T14:11:59","modified_gmt":"2026-03-09T14:11:59","slug":"proponen-cerrar-el-viceministerio-de-autonomias-tras-la-renuncia-de-barrientos","status":"publish","type":"post","link":"https:\/\/gocommunicationbol.com\/?p=1232","title":{"rendered":"Proponen cerrar el Viceministerio de Autonom\u00edas tras la renuncia de Barrientos"},"content":{"rendered":"\n<p><em>Legisladores y autoridades propusieron cerrar el Viceministerio de Autonom\u00edas tras la renuncia de Andrea Barrientos y plantearon designar delegados presidenciales.<\/em><\/p>\n\n\n\n<p><strong>La Paz, 09 de marzo de 2026. &#8211;<\/strong> Legisladores y autoridades regionales plantearon cerrar el Viceministerio de Autonom\u00edas tras la renuncia de Andrea Barrientos, lo que abri\u00f3 un debate sobre la distribuci\u00f3n de recursos p\u00fablicos entre el nivel central y las regiones. Las propuestas surgieron en medio de la discusi\u00f3n sobre el modelo de redistribuci\u00f3n 50\/50 de recursos, planteado como mecanismo para fortalecer el desarrollo regional y la gesti\u00f3n de las autonom\u00edas.<\/p>\n\n\n\n<p>El candidato a la Gobernaci\u00f3n de Santa Cruz por el partido Libre, Juan Pablo Velasco, afirm\u00f3 que la renuncia de Barrientos representa una decisi\u00f3n adecuada dentro del contexto pol\u00edtico actual. \u201cOjal\u00e1 que aprovechen esta oportunidad para eliminar ese viceministerio\u201d. El pol\u00edtico sostuvo que, desde su perspectiva, la exautoridad no ten\u00eda la intenci\u00f3n de impulsar cambios en la distribuci\u00f3n de recursos administrados por el nivel central del Estado.<\/p>\n\n\n\n<h3 class=\"wp-block-heading\">Proponen delegados presidenciales por departamento<\/h3>\n\n\n\n<p>Desde La Paz, el senador Jos\u00e9 Manuel Ormachea, tambi\u00e9n del partido Libre, respald\u00f3 la propuesta de cerrar el Viceministerio de Autonom\u00edas y plante\u00f3 una alternativa administrativa para la relaci\u00f3n entre el Gobierno central y las regiones.<\/p>\n\n\n\n<p>El legislador propuso que el presidente Rodrigo Paz designe delegados presidenciales en cada departamento, con la tarea de coordinar directamente con las autoridades regionales. \u201cSi desaparece el Viceministerio de Autonom\u00edas y se designa un delegado presidencial por departamento, esa autoridad podr\u00e1 escuchar a las regiones y llevar sus necesidades a Plaza Murillo para gestionar recursos para las entidades territoriales aut\u00f3nomas\u201d.<\/p>\n\n\n\n<p>El debate sobre la estructura institucional del \u00e1rea de autonom\u00edas surgi\u00f3 luego de la renuncia de Andrea Barrientos, quien dej\u00f3 el cargo tras declaraciones que generaron reacciones en distintos sectores pol\u00edticos.<\/p>\n\n\n\n<p>\ud83d\udce2 Go Communication<br>\u00danete al grupo oficial de WhatsApp y Telegram\ud83d\udcf1 a trav\u00e9s de los siguientes enlaces: \ud83d\udd17\ud83d\udc47<br>\u27a1\ufe0f WhatsApp:\u00a0<a href=\"https:\/\/whatsapp.com\/channel\/0029Va7C0epA2pL4r3PiKa1F\" target=\"_blank\" rel=\"noreferrer noopener\">https:\/\/whatsapp.com\/channel\/0029Va7C0epA2pL4r3PiKa1F<\/a><br>\u27a1\ufe0f Telegram:\u00a0<a href=\"https:\/\/t.me\/GoCommunicationBolivia\">https:\/\/t.me\/GoCommunicationBolivia<\/a><\/p>\n","protected":false},"excerpt":{"rendered":"<p>Legisladores y autoridades propusieron cerrar el Viceministerio de Autonom\u00edas tras la renuncia de Andrea Barrientos y plantearon designar<\/p>\n","protected":false},"author":3,"featured_media":1233,"comment_status":"closed","ping_status":"closed","sticky":false,"template":"","format":"standard","meta":{"_monsterinsights_skip_tracking":false,"_monsterinsights_sitenote_active":false,"_monsterinsights_sitenote_note":"","_monsterinsights_sitenote_category":0,"footnotes":""},"categories":[6],"tags":[593,571,634,633],"class_list":["post-1232","post","type-post","status-publish","format-standard","has-post-thumbnail","hentry","category-politica","tag-andrea-barrientos","tag-politica","tag-viceministerio","tag-viceministerio-de-autonomias"],"_links":{"self":[{"href":"https:\/\/gocommunicationbol.com\/index.php?rest_route=\/wp\/v2\/posts\/1232","targetHints":{"allow":["GET"]}}],"collection":[{"href":"https:\/\/gocommunicationbol.com\/index.php?rest_route=\/wp\/v2\/posts"}],"about":[{"href":"https:\/\/gocommunicationbol.com\/index.php?rest_route=\/wp\/v2\/types\/post"}],"author":[{"embeddable":true,"href":"https:\/\/gocommunicationbol.com\/index.php?rest_route=\/wp\/v2\/users\/3"}],"replies":[{"embeddable":true,"href":"https:\/\/gocommunicationbol.com\/index.php?rest_route=%2Fwp%2Fv2%2Fcomments&post=1232"}],"version-history":[{"count":1,"href":"https:\/\/gocommunicationbol.com\/index.php?rest_route=\/wp\/v2\/posts\/1232\/revisions"}],"predecessor-version":[{"id":1234,"href":"https:\/\/gocommunicationbol.com\/index.php?rest_route=\/wp\/v2\/posts\/1232\/revisions\/1234"}],"wp:featuredmedia":[{"embeddable":true,"href":"https:\/\/gocommunicationbol.com\/index.php?rest_route=\/wp\/v2\/media\/1233"}],"wp:attachment":[{"href":"https:\/\/gocommunicationbol.com\/index.php?rest_route=%2Fwp%2Fv2%2Fmedia&parent=1232"}],"wp:term":[{"taxonomy":"category","embeddable":true,"href":"https:\/\/gocommunicationbol.com\/index.php?rest_route=%2Fwp%2Fv2%2Fcategories&post=1232"},{"taxonomy":"post_tag","embeddable":true,"href":"https:\/\/gocommunicationbol.com\/index.php?rest_route=%2Fwp%2Fv2%2Ftags&post=1232"}],"curies":[{"name":"wp","href":"https:\/\/api.w.org\/{rel}","templated":true}]}}