{"id":1229,"date":"2026-03-09T13:59:33","date_gmt":"2026-03-09T13:59:33","guid":{"rendered":"https:\/\/gocommunicationbol.com\/?p=1229"},"modified":"2026-03-09T13:59:35","modified_gmt":"2026-03-09T13:59:35","slug":"no-es-un-tema-personal-rodrigo-paz-marca-distancia-con-lara","status":"publish","type":"post","link":"https:\/\/gocommunicationbol.com\/?p=1229","title":{"rendered":"\u00abNo es un tema personal\u00bb: Rodrigo Paz marca distancia con Lara"},"content":{"rendered":"\n<p><em>El presidente Rodrigo Paz afirm\u00f3 que su responsabilidad es tomar decisiones de gobierno, mientras el vicepresidente Edmand Lara expresa comentarios sobre la gesti\u00f3n.<\/em><\/p>\n\n\n\n<p><strong>La Paz, 09 de marzo de 2026. &#8211;<\/strong> El presidente Rodrigo Paz marc\u00f3 distancia con el vicepresidente Edmand Lara al referirse a las diferencias en la forma de ejercer funciones dentro del Gobierno.<\/p>\n\n\n\n<p>Durante una entrevista con el periodista Pepe Pomacusi en el programa \u201cQue no te la charlen\u201d, el mandatario explic\u00f3 que los tiempos de la gesti\u00f3n gubernamental difieren de los tiempos electorales y se\u00f1al\u00f3 que su rol consiste en adoptar decisiones conforme a la Constituci\u00f3n y al mandato ciudadano. \u201cResolver los problemas de los bolivianos es tomar decisiones, no comentarlas. Yo tomo decisiones, \u00e9l las comenta\u201d, afirm\u00f3 Paz al referirse a la relaci\u00f3n pol\u00edtica con el vicepresidente.<\/p>\n\n\n\n<p>El jefe de Estado indic\u00f3 que, tras asumir la Presidencia, su prioridad se centra en atender los problemas de la poblaci\u00f3n y aplicar pol\u00edticas p\u00fablicas desde el Ejecutivo, adem\u00e1s, a\u00f1adi\u00f3 que la responsabilidad del Gobierno consiste en actuar dentro del marco constitucional y responder a las demandas ciudadanas durante la actual gesti\u00f3n.<\/p>\n\n\n\n<p>\ud83d\udce2 Go Communication<br>\u00danete al grupo oficial de WhatsApp y Telegram\ud83d\udcf1 a trav\u00e9s de los siguientes enlaces: \ud83d\udd17\ud83d\udc47<br>\u27a1\ufe0f WhatsApp:\u00a0<a href=\"https:\/\/whatsapp.com\/channel\/0029Va7C0epA2pL4r3PiKa1F\" target=\"_blank\" rel=\"noreferrer noopener\">https:\/\/whatsapp.com\/channel\/0029Va7C0epA2pL4r3PiKa1F<\/a><br>\u27a1\ufe0f Telegram:\u00a0<a href=\"https:\/\/t.me\/GoCommunicationBolivia\">https:\/\/t.me\/GoCommunicationBolivia<\/a><\/p>\n","protected":false},"excerpt":{"rendered":"<p>El presidente Rodrigo Paz afirm\u00f3 que su responsabilidad es tomar decisiones de gobierno, mientras el vicepresidente Edmand Lara<\/p>\n","protected":false},"author":3,"featured_media":1230,"comment_status":"closed","ping_status":"closed","sticky":false,"template":"","format":"standard","meta":{"_monsterinsights_skip_tracking":false,"_monsterinsights_sitenote_active":false,"_monsterinsights_sitenote_note":"","_monsterinsights_sitenote_category":0,"footnotes":""},"categories":[6],"tags":[25,528,632,466,571,26],"class_list":["post-1229","post","type-post","status-publish","format-standard","has-post-thumbnail","hentry","category-politica","tag-edmand-lara","tag-lara","tag-paz","tag-pdc","tag-politica","tag-rodrigo-paz"],"_links":{"self":[{"href":"https:\/\/gocommunicationbol.com\/index.php?rest_route=\/wp\/v2\/posts\/1229","targetHints":{"allow":["GET"]}}],"collection":[{"href":"https:\/\/gocommunicationbol.com\/index.php?rest_route=\/wp\/v2\/posts"}],"about":[{"href":"https:\/\/gocommunicationbol.com\/index.php?rest_route=\/wp\/v2\/types\/post"}],"author":[{"embeddable":true,"href":"https:\/\/gocommunicationbol.com\/index.php?rest_route=\/wp\/v2\/users\/3"}],"replies":[{"embeddable":true,"href":"https:\/\/gocommunicationbol.com\/index.php?rest_route=%2Fwp%2Fv2%2Fcomments&post=1229"}],"version-history":[{"count":1,"href":"https:\/\/gocommunicationbol.com\/index.php?rest_route=\/wp\/v2\/posts\/1229\/revisions"}],"predecessor-version":[{"id":1231,"href":"https:\/\/gocommunicationbol.com\/index.php?rest_route=\/wp\/v2\/posts\/1229\/revisions\/1231"}],"wp:featuredmedia":[{"embeddable":true,"href":"https:\/\/gocommunicationbol.com\/index.php?rest_route=\/wp\/v2\/media\/1230"}],"wp:attachment":[{"href":"https:\/\/gocommunicationbol.com\/index.php?rest_route=%2Fwp%2Fv2%2Fmedia&parent=1229"}],"wp:term":[{"taxonomy":"category","embeddable":true,"href":"https:\/\/gocommunicationbol.com\/index.php?rest_route=%2Fwp%2Fv2%2Fcategories&post=1229"},{"taxonomy":"post_tag","embeddable":true,"href":"https:\/\/gocommunicationbol.com\/index.php?rest_route=%2Fwp%2Fv2%2Ftags&post=1229"}],"curies":[{"name":"wp","href":"https:\/\/api.w.org\/{rel}","templated":true}]}}